{"id":848,"date":"2026-04-21T09:45:04","date_gmt":"2026-04-21T07:45:04","guid":{"rendered":"https:\/\/andaluciaformacion.net\/?p=848"},"modified":"2026-04-21T09:48:31","modified_gmt":"2026-04-21T07:48:31","slug":"oportunidades-de-empleo-y-formacion-para-mejorar-tu-futuro-laboral","status":"publish","type":"post","link":"https:\/\/andaluciaformacion.net\/?p=848","title":{"rendered":"Oportunidades de empleo y formaci\u00f3n para mejorar tu futuro laboral"},"content":{"rendered":"<section style=\"font-family: Arial, Helvetica, sans-serif; background: #ffffff; color: #1f2937; max-width: 1100px; margin: 0 auto; line-height: 1.75;\"><!-- HERO --><\/p>\n<div style=\"background: linear-gradient(135deg, #0b56b5 0%, #3f78c9 55%, #8aa9d8 100%); padding: 42px 28px; border-radius: 20px; margin: 20px 0 30px 0; color: #ffffff;\">\n<p style=\"margin: 0 0 10px 0; font-size: 14px; font-weight: bold; text-transform: uppercase;\"><span style=\"color: #ffffff;\">Inserci\u00f3n laboral \u00b7 Colectivos prioritarios \u00b7 Empleo<\/span><\/p>\n<h1 style=\"margin: 0 0 14px 0; font-size: 38px; font-weight: 800;\"><span style=\"color: #ffffff;\">Oportunidades de empleo y formaci\u00f3n para mejorar tu futuro laboral<\/span><\/h1>\n<p style=\"margin: 0; font-size: 18px; max-width: 850px;\"><span style=\"color: #ffffff;\">Descubre c\u00f3mo acceder a recursos, formaci\u00f3n y orientaci\u00f3n laboral si te encuentras en situaci\u00f3n de desempleo, tienes m\u00e1s de 45 a\u00f1os o perteneces a un colectivo con m\u00e1s dificultades de inserci\u00f3n.<\/span><\/p>\n<\/div>\n<p><!-- INTRO --><\/p>\n<div style=\"margin-bottom: 30px;\">\n<p style=\"font-size: 18px;\">Acceder al mercado laboral no siempre es f\u00e1cil. Muchas personas se enfrentan a barreras a\u00f1adidas como la edad, el tiempo en desempleo, la falta de oportunidades o situaciones personales complejas. Sin embargo, es importante saber que existen <strong>recursos, formaci\u00f3n y apoyo especializado<\/strong> dise\u00f1ados precisamente para ayudarte.<\/p>\n<p style=\"font-size: 18px;\">Tanto si tienes m\u00e1s de 45 a\u00f1os, cuentas con una discapacidad reconocida, eres migrante, est\u00e1s en desempleo de larga duraci\u00f3n o percibes ayudas como subsidios o RAI, hay opciones reales para mejorar tu empleabilidad y avanzar hacia el empleo.<\/p>\n<\/div>\n<p><!-- BLOQUE COLECTIVOS --><\/p>\n<div style=\"background: #f4f8fe; border: 1px solid #d7e4f8; border-radius: 18px; padding: 24px; margin-bottom: 34px;\">\n<h2 style=\"margin-top: 0; color: #0b56b5;\">\u00bfA qui\u00e9n van dirigidos estos recursos?<\/h2>\n<p>Existen programas y formaciones especialmente dise\u00f1ados para:<\/p>\n<ul style=\"padding-left: 22px;\">\n<li>Personas con discapacidad (igual o superior al 33%)<\/li>\n<li>Personas en desempleo de larga duraci\u00f3n<\/li>\n<li>Mayores de 45 a\u00f1os<\/li>\n<li>Personas migrantes<\/li>\n<li>Personas en situaci\u00f3n o riesgo de exclusi\u00f3n social<\/li>\n<li>Personas perceptoras de subsidios o RAI<\/li>\n<\/ul>\n<p>Si te identificas con alguno de estos perfiles, es importante que sepas que no est\u00e1s solo\/a y que existen itinerarios pensados espec\u00edficamente para ayudarte.<\/p>\n<\/div>\n<p><!-- PROBLEMA --><\/p>\n<div style=\"margin-bottom: 34px;\">\n<h2 style=\"color: #0b56b5;\">Dificultades m\u00e1s comunes al buscar empleo<\/h2>\n<p>Muchas personas en estas situaciones comparten obst\u00e1culos similares a la hora de encontrar trabajo:<\/p>\n<ul style=\"padding-left: 22px;\">\n<li>Falta de oportunidades o respuestas a candidaturas.<\/li>\n<li>Inseguridad tras mucho tiempo sin trabajar.<\/li>\n<li>Dificultades para adaptarse a nuevos perfiles o tecnolog\u00edas.<\/li>\n<li>Desconocimiento de recursos disponibles.<\/li>\n<li>Falta de orientaci\u00f3n profesional clara.<\/li>\n<\/ul>\n<p>Estos factores pueden hacer que la b\u00fasqueda de empleo resulte frustrante, pero con el enfoque adecuado es posible mejorar la situaci\u00f3n.<\/p>\n<\/div>\n<p><!-- SOLUCION --><\/p>\n<div style=\"margin-bottom: 34px;\">\n<h2 style=\"color: #0b56b5;\">La clave: formaci\u00f3n y orientaci\u00f3n laboral<\/h2>\n<p>Uno de los aspectos m\u00e1s importantes para mejorar las oportunidades laborales es combinar <strong>formaci\u00f3n pr\u00e1ctica<\/strong> con <strong>orientaci\u00f3n laboral personalizada<\/strong>.<\/p>\n<div style=\"background: #f8fbff; border-left: 5px solid #0b56b5; padding: 18px; border-radius: 10px;\">\n<p style=\"margin: 0;\">La formaci\u00f3n te ayuda a actualizar tus conocimientos y adquirir nuevas habilidades. La orientaci\u00f3n laboral te ayuda a enfocar tu b\u00fasqueda, mejorar tu curr\u00edculum y prepararte para entrevistas.<\/p>\n<\/div>\n<p style=\"margin-top: 16px;\">Esta combinaci\u00f3n es clave para acceder a oportunidades reales y no limitarse a enviar curr\u00edculums sin resultado.<\/p>\n<\/div>\n<p><!-- SECTORES --><\/p>\n<div style=\"margin-bottom: 34px;\">\n<h2 style=\"color: #0b56b5;\">Sectores con oportunidades reales<\/h2>\n<p>Existen sectores que siguen generando empleo y donde muchas personas pueden encontrar una oportunidad:<\/p>\n<div style=\"display: grid; grid-template-columns: repeat(auto-fit,minmax(240px,1fr)); gap: 16px;\">\n<div style=\"background: #ffffff; border: 1px solid #dbe7f8; border-radius: 14px; padding: 18px;\">Atenci\u00f3n al cliente<\/div>\n<div style=\"background: #ffffff; border: 1px solid #dbe7f8; border-radius: 14px; padding: 18px;\">Hosteler\u00eda<\/div>\n<div style=\"background: #ffffff; border: 1px solid #dbe7f8; border-radius: 14px; padding: 18px;\">Log\u00edstica y almac\u00e9n<\/div>\n<div style=\"background: #ffffff; border: 1px solid #dbe7f8; border-radius: 14px; padding: 18px;\">Administraci\u00f3n b\u00e1sica<\/div>\n<div style=\"background: #ffffff; border: 1px solid #dbe7f8; border-radius: 14px; padding: 18px;\">Servicios y limpieza<\/div>\n<div style=\"background: #ffffff; border: 1px solid #dbe7f8; border-radius: 14px; padding: 18px;\">Apoyo a empresas<\/div>\n<\/div>\n<\/div>\n<p><!-- PASOS --><\/p>\n<div style=\"margin-bottom: 34px;\">\n<h2 style=\"color: #0b56b5;\">Pasos para mejorar tu situaci\u00f3n laboral<\/h2>\n<div style=\"display: grid; grid-template-columns: repeat(auto-fit,minmax(220px,1fr)); gap: 16px;\">\n<div style=\"background: #f4f8fe; padding: 16px; border-radius: 12px;\">Actualizar tu curr\u00edculum<\/div>\n<div style=\"background: #f4f8fe; padding: 16px; border-radius: 12px;\">Apuntarte a formaci\u00f3n \u00fatil<\/div>\n<div style=\"background: #f4f8fe; padding: 16px; border-radius: 12px;\">Recibir orientaci\u00f3n laboral<\/div>\n<div style=\"background: #f4f8fe; padding: 16px; border-radius: 12px;\">Preparar entrevistas<\/div>\n<div style=\"background: #f4f8fe; padding: 16px; border-radius: 12px;\">Organizar tu b\u00fasqueda<\/div>\n<div style=\"background: #f4f8fe; padding: 16px; border-radius: 12px;\">Mantener constancia<\/div>\n<\/div>\n<\/div>\n<p><!-- MENSAJE MOTIVACIONAL --><\/p>\n<div style=\"margin-bottom: 34px;\">\n<h2 style=\"color: #0b56b5;\">Tu situaci\u00f3n puede mejorar<\/h2>\n<p>Estar en desempleo o formar parte de un colectivo con m\u00e1s dificultades no define tu futuro laboral. Con apoyo adecuado, formaci\u00f3n y una estrategia clara, es posible mejorar tus opciones y acceder a nuevas oportunidades.<\/p>\n<p>Cada paso cuenta. Lo importante es empezar.<\/p>\n<\/div>\n<p><!-- CTA FINAL --><\/p>\n<div style=\"background: linear-gradient(135deg,#dfeaf9 0%, #f7fbff 100%); border: 1px solid #c9dbf4; border-radius: 20px; padding: 28px;\">\n<h3 style=\"margin-top: 0; color: #0b56b5;\">Accede a formaci\u00f3n y orientaci\u00f3n laboral gratuita<\/h3>\n<p style=\"font-size: 17px;\">Consulta nuestros cursos 100% subvencionados con orientaci\u00f3n laboral incluida y mejora tu empleabilidad con apoyo profesional.<\/p>\n<p><a style=\"display: inline-block; background: #0b56b5; color: #ffffff; padding: 14px 22px; border-radius: 999px; text-decoration: none; font-weight: bold;\" href=\"https:\/\/andaluciaformacion.net\/\"><span style=\"color: #ffffff;\">Ver cursos disponibles<\/span><br \/>\n<\/a><\/p>\n<\/div>\n<\/section>\n","protected":false},"excerpt":{"rendered":"<p>Inserci\u00f3n laboral \u00b7 Colectivos prioritarios \u00b7 Empleo Oportunidades de empleo y formaci\u00f3n para mejorar tu futuro laboral Descubre c\u00f3mo acceder a recursos, formaci\u00f3n y orientaci\u00f3n laboral si te encuentras en situaci\u00f3n de desempleo, tienes m\u00e1s de 45 a\u00f1os o perteneces a un colectivo con m\u00e1s dificultades de inserci\u00f3n. Acceder al mercado laboral no siempre es [&hellip;]<\/p>\n","protected":false},"author":4,"featured_media":851,"comment_status":"open","ping_status":"open","sticky":false,"template":"","format":"standard","meta":{"saved_in_kubio":true,"footnotes":""},"categories":[1],"tags":[35,14,36,40,11,9,37],"class_list":["post-848","post","type-post","status-publish","format-standard","has-post-thumbnail","hentry","category-sin-categoria","tag-andalucia","tag-andalucia-formacion","tag-empleo","tag-formacion","tag-formacion-gratuita","tag-insercion-laboral","tag-trabajo"],"yoast_head":"<!-- This site is optimized with the Yoast SEO plugin v27.2 - https:\/\/yoast.com\/product\/yoast-seo-wordpress\/ -->\n<title>Oportunidades de empleo y formaci\u00f3n para mejorar tu futuro laboral - Andaluc\u00eda Formaci\u00f3n<\/title>\n<meta name=\"robots\" content=\"index, follow, max-snippet:-1, max-image-preview:large, max-video-preview:-1\" \/>\n<link rel=\"canonical\" href=\"https:\/\/andaluciaformacion.net\/?p=848\" \/>\n<meta property=\"og:locale\" content=\"es_ES\" \/>\n<meta property=\"og:type\" content=\"article\" \/>\n<meta property=\"og:title\" content=\"Oportunidades de empleo y formaci\u00f3n para mejorar tu futuro laboral - Andaluc\u00eda Formaci\u00f3n\" \/>\n<meta property=\"og:description\" content=\"Inserci\u00f3n laboral \u00b7 Colectivos prioritarios \u00b7 Empleo Oportunidades de empleo y formaci\u00f3n para mejorar tu futuro laboral Descubre c\u00f3mo acceder a recursos, formaci\u00f3n y orientaci\u00f3n laboral si te encuentras en situaci\u00f3n de desempleo, tienes m\u00e1s de 45 a\u00f1os o perteneces a un colectivo con m\u00e1s dificultades de inserci\u00f3n. Acceder al mercado laboral no siempre es [&hellip;]\" \/>\n<meta property=\"og:url\" content=\"https:\/\/andaluciaformacion.net\/?p=848\" \/>\n<meta property=\"og:site_name\" content=\"Andaluc\u00eda Formaci\u00f3n\" \/>\n<meta property=\"article:publisher\" content=\"https:\/\/www.facebook.com\/people\/Andaluca-Formacin\/61556074687452\/\" \/>\n<meta property=\"article:published_time\" content=\"2026-04-21T07:45:04+00:00\" \/>\n<meta property=\"article:modified_time\" content=\"2026-04-21T07:48:31+00:00\" \/>\n<meta name=\"author\" content=\"Marketing\" \/>\n<meta name=\"twitter:card\" content=\"summary_large_image\" \/>\n<meta name=\"twitter:label1\" content=\"Escrito por\" \/>\n\t<meta name=\"twitter:data1\" content=\"Marketing\" \/>\n\t<meta name=\"twitter:label2\" content=\"Tiempo de lectura\" \/>\n\t<meta name=\"twitter:data2\" content=\"3 minutos\" \/>\n<script type=\"application\/ld+json\" class=\"yoast-schema-graph\">{\"@context\":\"https:\/\/schema.org\",\"@graph\":[{\"@type\":\"Article\",\"@id\":\"https:\/\/andaluciaformacion.net\/?p=848#article\",\"isPartOf\":{\"@id\":\"https:\/\/andaluciaformacion.net\/?p=848\"},\"author\":{\"name\":\"Marketing\",\"@id\":\"https:\/\/andaluciaformacion.net\/#\/schema\/person\/9543ca4aeee6e7b481a522dfa3cd46db\"},\"headline\":\"Oportunidades de empleo y formaci\u00f3n para mejorar tu futuro laboral\",\"datePublished\":\"2026-04-21T07:45:04+00:00\",\"dateModified\":\"2026-04-21T07:48:31+00:00\",\"mainEntityOfPage\":{\"@id\":\"https:\/\/andaluciaformacion.net\/?p=848\"},\"wordCount\":539,\"commentCount\":0,\"publisher\":{\"@id\":\"https:\/\/andaluciaformacion.net\/#organization\"},\"image\":{\"@id\":\"https:\/\/andaluciaformacion.net\/?p=848#primaryimage\"},\"thumbnailUrl\":\"https:\/\/andaluciaformacion.net\/wp-content\/uploads\/2026\/04\/ChatGPT-Image-21-abr-2026-09_47_18.png\",\"keywords\":[\"Andaluc\u00eda\",\"Andaluc\u00eda Formaci\u00f3n\",\"empleo\",\"formaci\u00f3n\",\"formaci\u00f3n gratuita\",\"inserci\u00f3n laboral\",\"trabajo\"],\"inLanguage\":\"es\",\"potentialAction\":[{\"@type\":\"CommentAction\",\"name\":\"Comment\",\"target\":[\"https:\/\/andaluciaformacion.net\/?p=848#respond\"]}]},{\"@type\":\"WebPage\",\"@id\":\"https:\/\/andaluciaformacion.net\/?p=848\",\"url\":\"https:\/\/andaluciaformacion.net\/?p=848\",\"name\":\"Oportunidades de empleo y formaci\u00f3n para mejorar tu futuro laboral - Andaluc\u00eda Formaci\u00f3n\",\"isPartOf\":{\"@id\":\"https:\/\/andaluciaformacion.net\/#website\"},\"primaryImageOfPage\":{\"@id\":\"https:\/\/andaluciaformacion.net\/?p=848#primaryimage\"},\"image\":{\"@id\":\"https:\/\/andaluciaformacion.net\/?p=848#primaryimage\"},\"thumbnailUrl\":\"https:\/\/andaluciaformacion.net\/wp-content\/uploads\/2026\/04\/ChatGPT-Image-21-abr-2026-09_47_18.png\",\"datePublished\":\"2026-04-21T07:45:04+00:00\",\"dateModified\":\"2026-04-21T07:48:31+00:00\",\"breadcrumb\":{\"@id\":\"https:\/\/andaluciaformacion.net\/?p=848#breadcrumb\"},\"inLanguage\":\"es\",\"potentialAction\":[{\"@type\":\"ReadAction\",\"target\":[\"https:\/\/andaluciaformacion.net\/?p=848\"]}]},{\"@type\":\"ImageObject\",\"inLanguage\":\"es\",\"@id\":\"https:\/\/andaluciaformacion.net\/?p=848#primaryimage\",\"url\":\"https:\/\/andaluciaformacion.net\/wp-content\/uploads\/2026\/04\/ChatGPT-Image-21-abr-2026-09_47_18.png\",\"contentUrl\":\"https:\/\/andaluciaformacion.net\/wp-content\/uploads\/2026\/04\/ChatGPT-Image-21-abr-2026-09_47_18.png\",\"width\":1536,\"height\":1024},{\"@type\":\"BreadcrumbList\",\"@id\":\"https:\/\/andaluciaformacion.net\/?p=848#breadcrumb\",\"itemListElement\":[{\"@type\":\"ListItem\",\"position\":1,\"name\":\"Portada\",\"item\":\"https:\/\/andaluciaformacion.net\/\"},{\"@type\":\"ListItem\",\"position\":2,\"name\":\"Oportunidades de empleo y formaci\u00f3n para mejorar tu futuro laboral\"}]},{\"@type\":\"WebSite\",\"@id\":\"https:\/\/andaluciaformacion.net\/#website\",\"url\":\"https:\/\/andaluciaformacion.net\/\",\"name\":\"Andaluc\u00eda Formaci\u00f3n\",\"description\":\"\",\"publisher\":{\"@id\":\"https:\/\/andaluciaformacion.net\/#organization\"},\"potentialAction\":[{\"@type\":\"SearchAction\",\"target\":{\"@type\":\"EntryPoint\",\"urlTemplate\":\"https:\/\/andaluciaformacion.net\/?s={search_term_string}\"},\"query-input\":{\"@type\":\"PropertyValueSpecification\",\"valueRequired\":true,\"valueName\":\"search_term_string\"}}],\"inLanguage\":\"es\"},{\"@type\":\"Organization\",\"@id\":\"https:\/\/andaluciaformacion.net\/#organization\",\"name\":\"Andaluc\u00eda Formaci\u00f3n\",\"url\":\"https:\/\/andaluciaformacion.net\/\",\"logo\":{\"@type\":\"ImageObject\",\"inLanguage\":\"es\",\"@id\":\"https:\/\/andaluciaformacion.net\/#\/schema\/logo\/image\/\",\"url\":\"https:\/\/andaluciaformacion.net\/wp-content\/uploads\/2025\/09\/29.png\",\"contentUrl\":\"https:\/\/andaluciaformacion.net\/wp-content\/uploads\/2025\/09\/29.png\",\"width\":880,\"height\":880,\"caption\":\"Andaluc\u00eda Formaci\u00f3n\"},\"image\":{\"@id\":\"https:\/\/andaluciaformacion.net\/#\/schema\/logo\/image\/\"},\"sameAs\":[\"https:\/\/www.facebook.com\/people\/Andaluca-Formacin\/61556074687452\/\",\"https:\/\/www.instagram.com\/andaluciaformacion\"]},{\"@type\":\"Person\",\"@id\":\"https:\/\/andaluciaformacion.net\/#\/schema\/person\/9543ca4aeee6e7b481a522dfa3cd46db\",\"name\":\"Marketing\",\"image\":{\"@type\":\"ImageObject\",\"inLanguage\":\"es\",\"@id\":\"https:\/\/secure.gravatar.com\/avatar\/a714e5b7126052c5bb7c03f73b7fd552bd9b53bf075609213f23336e06c7c165?s=96&d=mm&r=g\",\"url\":\"https:\/\/secure.gravatar.com\/avatar\/a714e5b7126052c5bb7c03f73b7fd552bd9b53bf075609213f23336e06c7c165?s=96&d=mm&r=g\",\"contentUrl\":\"https:\/\/secure.gravatar.com\/avatar\/a714e5b7126052c5bb7c03f73b7fd552bd9b53bf075609213f23336e06c7c165?s=96&d=mm&r=g\",\"caption\":\"Marketing\"},\"url\":\"https:\/\/andaluciaformacion.net\/?author=4\"}]}<\/script>\n<!-- \/ Yoast SEO plugin. -->","yoast_head_json":{"title":"Oportunidades de empleo y formaci\u00f3n para mejorar tu futuro laboral - Andaluc\u00eda Formaci\u00f3n","robots":{"index":"index","follow":"follow","max-snippet":"max-snippet:-1","max-image-preview":"max-image-preview:large","max-video-preview":"max-video-preview:-1"},"canonical":"https:\/\/andaluciaformacion.net\/?p=848","og_locale":"es_ES","og_type":"article","og_title":"Oportunidades de empleo y formaci\u00f3n para mejorar tu futuro laboral - Andaluc\u00eda Formaci\u00f3n","og_description":"Inserci\u00f3n laboral \u00b7 Colectivos prioritarios \u00b7 Empleo Oportunidades de empleo y formaci\u00f3n para mejorar tu futuro laboral Descubre c\u00f3mo acceder a recursos, formaci\u00f3n y orientaci\u00f3n laboral si te encuentras en situaci\u00f3n de desempleo, tienes m\u00e1s de 45 a\u00f1os o perteneces a un colectivo con m\u00e1s dificultades de inserci\u00f3n. Acceder al mercado laboral no siempre es [&hellip;]","og_url":"https:\/\/andaluciaformacion.net\/?p=848","og_site_name":"Andaluc\u00eda Formaci\u00f3n","article_publisher":"https:\/\/www.facebook.com\/people\/Andaluca-Formacin\/61556074687452\/","article_published_time":"2026-04-21T07:45:04+00:00","article_modified_time":"2026-04-21T07:48:31+00:00","author":"Marketing","twitter_card":"summary_large_image","twitter_misc":{"Escrito por":"Marketing","Tiempo de lectura":"3 minutos"},"schema":{"@context":"https:\/\/schema.org","@graph":[{"@type":"Article","@id":"https:\/\/andaluciaformacion.net\/?p=848#article","isPartOf":{"@id":"https:\/\/andaluciaformacion.net\/?p=848"},"author":{"name":"Marketing","@id":"https:\/\/andaluciaformacion.net\/#\/schema\/person\/9543ca4aeee6e7b481a522dfa3cd46db"},"headline":"Oportunidades de empleo y formaci\u00f3n para mejorar tu futuro laboral","datePublished":"2026-04-21T07:45:04+00:00","dateModified":"2026-04-21T07:48:31+00:00","mainEntityOfPage":{"@id":"https:\/\/andaluciaformacion.net\/?p=848"},"wordCount":539,"commentCount":0,"publisher":{"@id":"https:\/\/andaluciaformacion.net\/#organization"},"image":{"@id":"https:\/\/andaluciaformacion.net\/?p=848#primaryimage"},"thumbnailUrl":"https:\/\/andaluciaformacion.net\/wp-content\/uploads\/2026\/04\/ChatGPT-Image-21-abr-2026-09_47_18.png","keywords":["Andaluc\u00eda","Andaluc\u00eda Formaci\u00f3n","empleo","formaci\u00f3n","formaci\u00f3n gratuita","inserci\u00f3n laboral","trabajo"],"inLanguage":"es","potentialAction":[{"@type":"CommentAction","name":"Comment","target":["https:\/\/andaluciaformacion.net\/?p=848#respond"]}]},{"@type":"WebPage","@id":"https:\/\/andaluciaformacion.net\/?p=848","url":"https:\/\/andaluciaformacion.net\/?p=848","name":"Oportunidades de empleo y formaci\u00f3n para mejorar tu futuro laboral - Andaluc\u00eda Formaci\u00f3n","isPartOf":{"@id":"https:\/\/andaluciaformacion.net\/#website"},"primaryImageOfPage":{"@id":"https:\/\/andaluciaformacion.net\/?p=848#primaryimage"},"image":{"@id":"https:\/\/andaluciaformacion.net\/?p=848#primaryimage"},"thumbnailUrl":"https:\/\/andaluciaformacion.net\/wp-content\/uploads\/2026\/04\/ChatGPT-Image-21-abr-2026-09_47_18.png","datePublished":"2026-04-21T07:45:04+00:00","dateModified":"2026-04-21T07:48:31+00:00","breadcrumb":{"@id":"https:\/\/andaluciaformacion.net\/?p=848#breadcrumb"},"inLanguage":"es","potentialAction":[{"@type":"ReadAction","target":["https:\/\/andaluciaformacion.net\/?p=848"]}]},{"@type":"ImageObject","inLanguage":"es","@id":"https:\/\/andaluciaformacion.net\/?p=848#primaryimage","url":"https:\/\/andaluciaformacion.net\/wp-content\/uploads\/2026\/04\/ChatGPT-Image-21-abr-2026-09_47_18.png","contentUrl":"https:\/\/andaluciaformacion.net\/wp-content\/uploads\/2026\/04\/ChatGPT-Image-21-abr-2026-09_47_18.png","width":1536,"height":1024},{"@type":"BreadcrumbList","@id":"https:\/\/andaluciaformacion.net\/?p=848#breadcrumb","itemListElement":[{"@type":"ListItem","position":1,"name":"Portada","item":"https:\/\/andaluciaformacion.net\/"},{"@type":"ListItem","position":2,"name":"Oportunidades de empleo y formaci\u00f3n para mejorar tu futuro laboral"}]},{"@type":"WebSite","@id":"https:\/\/andaluciaformacion.net\/#website","url":"https:\/\/andaluciaformacion.net\/","name":"Andaluc\u00eda Formaci\u00f3n","description":"","publisher":{"@id":"https:\/\/andaluciaformacion.net\/#organization"},"potentialAction":[{"@type":"SearchAction","target":{"@type":"EntryPoint","urlTemplate":"https:\/\/andaluciaformacion.net\/?s={search_term_string}"},"query-input":{"@type":"PropertyValueSpecification","valueRequired":true,"valueName":"search_term_string"}}],"inLanguage":"es"},{"@type":"Organization","@id":"https:\/\/andaluciaformacion.net\/#organization","name":"Andaluc\u00eda Formaci\u00f3n","url":"https:\/\/andaluciaformacion.net\/","logo":{"@type":"ImageObject","inLanguage":"es","@id":"https:\/\/andaluciaformacion.net\/#\/schema\/logo\/image\/","url":"https:\/\/andaluciaformacion.net\/wp-content\/uploads\/2025\/09\/29.png","contentUrl":"https:\/\/andaluciaformacion.net\/wp-content\/uploads\/2025\/09\/29.png","width":880,"height":880,"caption":"Andaluc\u00eda Formaci\u00f3n"},"image":{"@id":"https:\/\/andaluciaformacion.net\/#\/schema\/logo\/image\/"},"sameAs":["https:\/\/www.facebook.com\/people\/Andaluca-Formacin\/61556074687452\/","https:\/\/www.instagram.com\/andaluciaformacion"]},{"@type":"Person","@id":"https:\/\/andaluciaformacion.net\/#\/schema\/person\/9543ca4aeee6e7b481a522dfa3cd46db","name":"Marketing","image":{"@type":"ImageObject","inLanguage":"es","@id":"https:\/\/secure.gravatar.com\/avatar\/a714e5b7126052c5bb7c03f73b7fd552bd9b53bf075609213f23336e06c7c165?s=96&d=mm&r=g","url":"https:\/\/secure.gravatar.com\/avatar\/a714e5b7126052c5bb7c03f73b7fd552bd9b53bf075609213f23336e06c7c165?s=96&d=mm&r=g","contentUrl":"https:\/\/secure.gravatar.com\/avatar\/a714e5b7126052c5bb7c03f73b7fd552bd9b53bf075609213f23336e06c7c165?s=96&d=mm&r=g","caption":"Marketing"},"url":"https:\/\/andaluciaformacion.net\/?author=4"}]}},"_links":{"self":[{"href":"https:\/\/andaluciaformacion.net\/index.php?rest_route=\/wp\/v2\/posts\/848","targetHints":{"allow":["GET"]}}],"collection":[{"href":"https:\/\/andaluciaformacion.net\/index.php?rest_route=\/wp\/v2\/posts"}],"about":[{"href":"https:\/\/andaluciaformacion.net\/index.php?rest_route=\/wp\/v2\/types\/post"}],"author":[{"embeddable":true,"href":"https:\/\/andaluciaformacion.net\/index.php?rest_route=\/wp\/v2\/users\/4"}],"replies":[{"embeddable":true,"href":"https:\/\/andaluciaformacion.net\/index.php?rest_route=%2Fwp%2Fv2%2Fcomments&post=848"}],"version-history":[{"count":1,"href":"https:\/\/andaluciaformacion.net\/index.php?rest_route=\/wp\/v2\/posts\/848\/revisions"}],"predecessor-version":[{"id":849,"href":"https:\/\/andaluciaformacion.net\/index.php?rest_route=\/wp\/v2\/posts\/848\/revisions\/849"}],"wp:featuredmedia":[{"embeddable":true,"href":"https:\/\/andaluciaformacion.net\/index.php?rest_route=\/wp\/v2\/media\/851"}],"wp:attachment":[{"href":"https:\/\/andaluciaformacion.net\/index.php?rest_route=%2Fwp%2Fv2%2Fmedia&parent=848"}],"wp:term":[{"taxonomy":"category","embeddable":true,"href":"https:\/\/andaluciaformacion.net\/index.php?rest_route=%2Fwp%2Fv2%2Fcategories&post=848"},{"taxonomy":"post_tag","embeddable":true,"href":"https:\/\/andaluciaformacion.net\/index.php?rest_route=%2Fwp%2Fv2%2Ftags&post=848"}],"curies":[{"name":"wp","href":"https:\/\/api.w.org\/{rel}","templated":true}]}}