{"id":839,"date":"2026-04-13T13:01:38","date_gmt":"2026-04-13T11:01:38","guid":{"rendered":"https:\/\/andaluciaformacion.net\/?p=839"},"modified":"2026-04-13T13:25:20","modified_gmt":"2026-04-13T11:25:20","slug":"volver-al-mercado-laboral-oportunidades-reales-para-mayores-de-45-y-colectivos-con-mas-dificultades","status":"publish","type":"post","link":"https:\/\/andaluciaformacion.net\/?p=839","title":{"rendered":"Volver al mercado laboral: oportunidades reales para mayores de 45 y colectivos con m\u00e1s dificultades"},"content":{"rendered":"<section style=\"font-family: Arial, Helvetica, sans-serif; background: #ffffff; color: #1f2937; max-width: 1100px; margin: 0 auto; line-height: 1.75;\"><!-- HERO --><\/p>\n<div style=\"background: linear-gradient(135deg, #0b56b5 0%, #3f78c9 55%, #8aa9d8 100%); padding: 42px 28px; border-radius: 20px; margin: 20px 0 30px 0; color: #ffffff;\">\n<p style=\"margin: 0 0 10px 0; font-size: 14px; font-weight: bold; text-transform: uppercase;\"><span style=\"color: #ffffff;\">Empleabilidad \u00b7 Inserci\u00f3n laboral \u00b7 Formaci\u00f3n<\/span><\/p>\n<h1 style=\"margin: 0 0 14px 0; font-size: 40px; font-weight: 800;\"><span style=\"color: #ffffff;\">Volver al mercado laboral: oportunidades reales para mayores de 45 y colectivos con m\u00e1s dificultades<\/span><\/h1>\n<p style=\"margin: 0; font-size: 18px; max-width: 850px;\"><span style=\"color: #ffffff;\">Descubre c\u00f3mo mejorar tu empleabilidad, qu\u00e9 opciones tienes hoy en d\u00eda y c\u00f3mo la formaci\u00f3n y la orientaci\u00f3n laboral pueden ayudarte a encontrar trabajo.<\/span><\/p>\n<\/div>\n<p><!-- INTRO --><\/p>\n<div style=\"margin-bottom: 30px;\">\n<p style=\"font-size: 18px;\">Volver a buscar trabajo despu\u00e9s de un tiempo en desempleo, superar los 45 a\u00f1os o formar parte de un colectivo vulnerable puede hacer que el proceso parezca m\u00e1s complicado. Muchas personas sienten que tienen menos oportunidades o que el mercado laboral ha cambiado demasiado.<\/p>\n<p style=\"font-size: 18px;\">Sin embargo, la realidad es que existen <strong>recursos, formaci\u00f3n y apoyo especializado<\/strong> que pueden ayudarte a mejorar tu situaci\u00f3n. No se trata de empezar de cero, sino de aprender a enfocar mejor tu experiencia, actualizar tus competencias y acceder a oportunidades reales.<\/p>\n<\/div>\n<p><!-- BLOQUE PROBLEMA --><\/p>\n<div style=\"background: #f4f8fe; border: 1px solid #d7e4f8; border-radius: 18px; padding: 24px; margin-bottom: 34px;\">\n<h2 style=\"margin-top: 0; color: #0b56b5;\">Dificultades m\u00e1s habituales al buscar trabajo<\/h2>\n<p>Muchas personas que buscan empleo comparten situaciones similares. Identificarlas es el primer paso para empezar a mejorar.<\/p>\n<ul style=\"padding-left: 22px;\">\n<li>Sentir que la edad es un obst\u00e1culo para encontrar trabajo.<\/li>\n<li>No saber c\u00f3mo enfocar el curr\u00edculum despu\u00e9s de un tiempo sin trabajar.<\/li>\n<li>No conocer qu\u00e9 sectores tienen m\u00e1s oportunidades.<\/li>\n<li>Falta de confianza en entrevistas de trabajo.<\/li>\n<li>Desconocimiento de recursos o programas de apoyo disponibles.<\/li>\n<\/ul>\n<\/div>\n<p><!-- SECTION --><\/p>\n<div style=\"margin-bottom: 34px;\">\n<h2 style=\"color: #0b56b5;\">La experiencia sigue siendo un valor importante<\/h2>\n<p>Aunque a veces se perciba lo contrario, la experiencia laboral sigue siendo una ventaja. Las empresas valoran aspectos como la responsabilidad, el compromiso, la capacidad de adaptaci\u00f3n o el trato con clientes.<\/p>\n<p>El reto no es tener experiencia, sino saber comunicarla correctamente. Un curr\u00edculum bien estructurado y una buena preparaci\u00f3n pueden ayudarte a mostrar todo lo que puedes aportar.<\/p>\n<\/div>\n<p><!-- SECTION --><\/p>\n<div style=\"margin-bottom: 34px;\">\n<h2 style=\"color: #0b56b5;\">Formaci\u00f3n: una oportunidad para reactivar tu perfil<\/h2>\n<p>Uno de los factores que m\u00e1s influyen en la empleabilidad es la formaci\u00f3n. Actualizar conocimientos o adquirir nuevas competencias puede abrir puertas que antes parec\u00edan cerradas.<\/p>\n<p>Hoy en d\u00eda, existen cursos orientados directamente al empleo, pensados para mejorar las opciones reales de inserci\u00f3n laboral, especialmente en sectores con demanda.<\/p>\n<div style=\"background: #f8fbff; border-left: 5px solid #0b56b5; padding: 18px; border-radius: 10px;\">\n<p style=\"margin: 0;\"><strong>Importante:<\/strong> no se trata de estudiar por estudiar, sino de elegir formaci\u00f3n \u00fatil, pr\u00e1ctica y enfocada a lo que buscan las empresas.<\/p>\n<\/div>\n<\/div>\n<p><!-- CTA INTERMEDIO --><\/p>\n<div style=\"background: #0b56b5; color: #ffffff; border-radius: 18px; padding: 28px; margin: 0 0 34px 0;\">\n<h3 style=\"margin-top: 0;\"><span style=\"color: #ffffff;\">Mejorar tu empleabilidad es posible<\/span><\/h3>\n<p style=\"margin-bottom: 10px;\"><span style=\"color: #ffffff;\">Con la formaci\u00f3n adecuada y una buena orientaci\u00f3n laboral, puedes mejorar tu perfil y aumentar tus opciones de encontrar trabajo.<\/span><\/p>\n<p style=\"margin: 0;\"><span style=\"color: #ffffff;\">No est\u00e1s solo en este proceso: existen recursos dise\u00f1ados para acompa\u00f1arte.<\/span><\/p>\n<\/div>\n<p><!-- SECTION --><\/p>\n<div style=\"margin-bottom: 34px;\">\n<h2 style=\"color: #0b56b5;\">El papel clave de la orientaci\u00f3n laboral<\/h2>\n<p>Muchas veces el problema no es la falta de capacidad, sino la falta de enfoque. La orientaci\u00f3n laboral ayuda a ordenar el proceso y a tomar mejores decisiones.<\/p>\n<ul style=\"padding-left: 22px;\">\n<li>Definir un objetivo profesional claro.<\/li>\n<li>Mejorar el curr\u00edculum.<\/li>\n<li>Preparar entrevistas.<\/li>\n<li>Conocer sectores con m\u00e1s oportunidades.<\/li>\n<li>Acceder a recursos y programas de empleo.<\/li>\n<\/ul>\n<p>Contar con este apoyo puede marcar una gran diferencia en los resultados.<\/p>\n<\/div>\n<p><!-- SECTION --><\/p>\n<div style=\"margin-bottom: 34px;\">\n<h2 style=\"color: #0b56b5;\">Sectores con m\u00e1s oportunidades<\/h2>\n<p>Existen \u00e1reas donde la demanda de trabajadores sigue siendo constante y donde muchas personas pueden encontrar oportunidades, incluso sin experiencia reciente.<\/p>\n<ul style=\"padding-left: 22px;\">\n<li>Atenci\u00f3n al cliente<\/li>\n<li>Hosteler\u00eda<\/li>\n<li>Administraci\u00f3n b\u00e1sica<\/li>\n<li>Log\u00edstica y almac\u00e9n<\/li>\n<li>Servicios y apoyo a empresas<\/li>\n<\/ul>\n<p>Orientar tu perfil hacia estos sectores, junto con formaci\u00f3n espec\u00edfica, puede facilitar el acceso al empleo.<\/p>\n<\/div>\n<p><!-- SECTION --><\/p>\n<div style=\"margin-bottom: 34px;\">\n<h2 style=\"color: #0b56b5;\">Peque\u00f1os pasos que pueden marcar la diferencia<\/h2>\n<div style=\"display: grid; grid-template-columns: repeat(auto-fit,minmax(220px,1fr)); gap: 16px;\">\n<div style=\"background: #f4f8fe; padding: 16px; border-radius: 12px;\">Revisar tu curr\u00edculum<\/div>\n<div style=\"background: #f4f8fe; padding: 16px; border-radius: 12px;\">Apuntarte a formaci\u00f3n \u00fatil<\/div>\n<div style=\"background: #f4f8fe; padding: 16px; border-radius: 12px;\">Preparar entrevistas<\/div>\n<div style=\"background: #f4f8fe; padding: 16px; border-radius: 12px;\">Buscar apoyo profesional<\/div>\n<div style=\"background: #f4f8fe; padding: 16px; border-radius: 12px;\">Organizar tu b\u00fasqueda<\/div>\n<div style=\"background: #f4f8fe; padding: 16px; border-radius: 12px;\">Mantener constancia<\/div>\n<\/div>\n<\/div>\n<p><!-- CONCLUSION --><\/p>\n<div style=\"margin-bottom: 34px;\">\n<h2 style=\"color: #0b56b5;\">Conclusi\u00f3n: s\u00ed hay oportunidades, pero hay que saber c\u00f3mo acceder a ellas<\/h2>\n<p>Buscar trabajo puede ser un proceso largo, especialmente en determinadas situaciones, pero con una estrategia adecuada, formaci\u00f3n y apoyo, es posible mejorar las oportunidades reales.<\/p>\n<p>Lo importante es no quedarse parado, sino empezar a dar pasos en la direcci\u00f3n correcta.<\/p>\n<\/div>\n<p><!-- CTA FINAL --><\/p>\n<div style=\"background: linear-gradient(135deg,#dfeaf9 0%, #f7fbff 100%); border: 1px solid #c9dbf4; border-radius: 20px; padding: 28px;\">\n<h3 style=\"margin-top: 0; color: #0b56b5;\">Accede a nuestros cursos y programas de inserci\u00f3n<\/h3>\n<p>Consulta nuestros cursos 100% subvencionados en C\u00e1diz, Ja\u00e9n y Almer\u00eda, dise\u00f1ados para mejorar tu empleabilidad e incluir orientaci\u00f3n laboral personalizada.<\/p>\n<p><a style=\"display: inline-block; background: #0b56b5; color: #ffffff; padding: 14px 22px; border-radius: 999px; text-decoration: none; font-weight: bold;\" href=\"https:\/\/andaluciaformacion.net\/\">Ver cursos disponibles<br \/>\n<\/a><\/p>\n<\/div>\n<\/section>\n","protected":false},"excerpt":{"rendered":"<p>Empleabilidad \u00b7 Inserci\u00f3n laboral \u00b7 Formaci\u00f3n Volver al mercado laboral: oportunidades reales para mayores de 45 y colectivos con m\u00e1s dificultades Descubre c\u00f3mo mejorar tu empleabilidad, qu\u00e9 opciones tienes hoy en d\u00eda y c\u00f3mo la formaci\u00f3n y la orientaci\u00f3n laboral pueden ayudarte a encontrar trabajo. Volver a buscar trabajo despu\u00e9s de un tiempo en desempleo, [&hellip;]<\/p>\n","protected":false},"author":4,"featured_media":842,"comment_status":"open","ping_status":"open","sticky":false,"template":"","format":"standard","meta":{"saved_in_kubio":true,"footnotes":""},"categories":[118,24],"tags":[35,14,36,40,11,9,37],"class_list":["post-839","post","type-post","status-publish","format-standard","has-post-thumbnail","hentry","category-empleo-vulnerables","category-cursos-gratuitos-andalucia","tag-andalucia","tag-andalucia-formacion","tag-empleo","tag-formacion","tag-formacion-gratuita","tag-insercion-laboral","tag-trabajo"],"yoast_head":"<!-- This site is optimized with the Yoast SEO plugin v27.2 - https:\/\/yoast.com\/product\/yoast-seo-wordpress\/ -->\n<title>Volver al mercado laboral: oportunidades reales para mayores de 45 y colectivos con m\u00e1s dificultades - Andaluc\u00eda Formaci\u00f3n<\/title>\n<meta name=\"robots\" content=\"index, follow, max-snippet:-1, max-image-preview:large, max-video-preview:-1\" \/>\n<link rel=\"canonical\" href=\"https:\/\/andaluciaformacion.net\/?p=839\" \/>\n<meta property=\"og:locale\" content=\"es_ES\" \/>\n<meta property=\"og:type\" content=\"article\" \/>\n<meta property=\"og:title\" content=\"Volver al mercado laboral: oportunidades reales para mayores de 45 y colectivos con m\u00e1s dificultades - Andaluc\u00eda Formaci\u00f3n\" \/>\n<meta property=\"og:description\" content=\"Empleabilidad \u00b7 Inserci\u00f3n laboral \u00b7 Formaci\u00f3n Volver al mercado laboral: oportunidades reales para mayores de 45 y colectivos con m\u00e1s dificultades Descubre c\u00f3mo mejorar tu empleabilidad, qu\u00e9 opciones tienes hoy en d\u00eda y c\u00f3mo la formaci\u00f3n y la orientaci\u00f3n laboral pueden ayudarte a encontrar trabajo. Volver a buscar trabajo despu\u00e9s de un tiempo en desempleo, [&hellip;]\" \/>\n<meta property=\"og:url\" content=\"https:\/\/andaluciaformacion.net\/?p=839\" \/>\n<meta property=\"og:site_name\" content=\"Andaluc\u00eda Formaci\u00f3n\" \/>\n<meta property=\"article:publisher\" content=\"https:\/\/www.facebook.com\/people\/Andaluca-Formacin\/61556074687452\/\" \/>\n<meta property=\"article:published_time\" content=\"2026-04-13T11:01:38+00:00\" \/>\n<meta property=\"article:modified_time\" content=\"2026-04-13T11:25:20+00:00\" \/>\n<meta name=\"author\" content=\"Marketing\" \/>\n<meta name=\"twitter:card\" content=\"summary_large_image\" \/>\n<meta name=\"twitter:label1\" content=\"Escrito por\" \/>\n\t<meta name=\"twitter:data1\" content=\"Marketing\" \/>\n\t<meta name=\"twitter:label2\" content=\"Tiempo de lectura\" \/>\n\t<meta name=\"twitter:data2\" content=\"3 minutos\" \/>\n<script type=\"application\/ld+json\" class=\"yoast-schema-graph\">{\"@context\":\"https:\/\/schema.org\",\"@graph\":[{\"@type\":\"Article\",\"@id\":\"https:\/\/andaluciaformacion.net\/?p=839#article\",\"isPartOf\":{\"@id\":\"https:\/\/andaluciaformacion.net\/?p=839\"},\"author\":{\"name\":\"Marketing\",\"@id\":\"https:\/\/andaluciaformacion.net\/#\/schema\/person\/9543ca4aeee6e7b481a522dfa3cd46db\"},\"headline\":\"Volver al mercado laboral: oportunidades reales para mayores de 45 y colectivos con m\u00e1s dificultades\",\"datePublished\":\"2026-04-13T11:01:38+00:00\",\"dateModified\":\"2026-04-13T11:25:20+00:00\",\"mainEntityOfPage\":{\"@id\":\"https:\/\/andaluciaformacion.net\/?p=839\"},\"wordCount\":681,\"commentCount\":0,\"publisher\":{\"@id\":\"https:\/\/andaluciaformacion.net\/#organization\"},\"image\":{\"@id\":\"https:\/\/andaluciaformacion.net\/?p=839#primaryimage\"},\"thumbnailUrl\":\"https:\/\/andaluciaformacion.net\/wp-content\/uploads\/2026\/04\/ChatGPT-Image-13-abr-2026-13_24_28.png\",\"keywords\":[\"Andaluc\u00eda\",\"Andaluc\u00eda Formaci\u00f3n\",\"empleo\",\"formaci\u00f3n\",\"formaci\u00f3n gratuita\",\"inserci\u00f3n laboral\",\"trabajo\"],\"articleSection\":[\"Empleo Vulnerables\",\"Formaci\u00f3n\"],\"inLanguage\":\"es\",\"potentialAction\":[{\"@type\":\"CommentAction\",\"name\":\"Comment\",\"target\":[\"https:\/\/andaluciaformacion.net\/?p=839#respond\"]}]},{\"@type\":\"WebPage\",\"@id\":\"https:\/\/andaluciaformacion.net\/?p=839\",\"url\":\"https:\/\/andaluciaformacion.net\/?p=839\",\"name\":\"Volver al mercado laboral: oportunidades reales para mayores de 45 y colectivos con m\u00e1s dificultades - Andaluc\u00eda Formaci\u00f3n\",\"isPartOf\":{\"@id\":\"https:\/\/andaluciaformacion.net\/#website\"},\"primaryImageOfPage\":{\"@id\":\"https:\/\/andaluciaformacion.net\/?p=839#primaryimage\"},\"image\":{\"@id\":\"https:\/\/andaluciaformacion.net\/?p=839#primaryimage\"},\"thumbnailUrl\":\"https:\/\/andaluciaformacion.net\/wp-content\/uploads\/2026\/04\/ChatGPT-Image-13-abr-2026-13_24_28.png\",\"datePublished\":\"2026-04-13T11:01:38+00:00\",\"dateModified\":\"2026-04-13T11:25:20+00:00\",\"breadcrumb\":{\"@id\":\"https:\/\/andaluciaformacion.net\/?p=839#breadcrumb\"},\"inLanguage\":\"es\",\"potentialAction\":[{\"@type\":\"ReadAction\",\"target\":[\"https:\/\/andaluciaformacion.net\/?p=839\"]}]},{\"@type\":\"ImageObject\",\"inLanguage\":\"es\",\"@id\":\"https:\/\/andaluciaformacion.net\/?p=839#primaryimage\",\"url\":\"https:\/\/andaluciaformacion.net\/wp-content\/uploads\/2026\/04\/ChatGPT-Image-13-abr-2026-13_24_28.png\",\"contentUrl\":\"https:\/\/andaluciaformacion.net\/wp-content\/uploads\/2026\/04\/ChatGPT-Image-13-abr-2026-13_24_28.png\",\"width\":1536,\"height\":1024},{\"@type\":\"BreadcrumbList\",\"@id\":\"https:\/\/andaluciaformacion.net\/?p=839#breadcrumb\",\"itemListElement\":[{\"@type\":\"ListItem\",\"position\":1,\"name\":\"Portada\",\"item\":\"https:\/\/andaluciaformacion.net\/\"},{\"@type\":\"ListItem\",\"position\":2,\"name\":\"Volver al mercado laboral: oportunidades reales para mayores de 45 y colectivos con m\u00e1s dificultades\"}]},{\"@type\":\"WebSite\",\"@id\":\"https:\/\/andaluciaformacion.net\/#website\",\"url\":\"https:\/\/andaluciaformacion.net\/\",\"name\":\"Andaluc\u00eda Formaci\u00f3n\",\"description\":\"\",\"publisher\":{\"@id\":\"https:\/\/andaluciaformacion.net\/#organization\"},\"potentialAction\":[{\"@type\":\"SearchAction\",\"target\":{\"@type\":\"EntryPoint\",\"urlTemplate\":\"https:\/\/andaluciaformacion.net\/?s={search_term_string}\"},\"query-input\":{\"@type\":\"PropertyValueSpecification\",\"valueRequired\":true,\"valueName\":\"search_term_string\"}}],\"inLanguage\":\"es\"},{\"@type\":\"Organization\",\"@id\":\"https:\/\/andaluciaformacion.net\/#organization\",\"name\":\"Andaluc\u00eda Formaci\u00f3n\",\"url\":\"https:\/\/andaluciaformacion.net\/\",\"logo\":{\"@type\":\"ImageObject\",\"inLanguage\":\"es\",\"@id\":\"https:\/\/andaluciaformacion.net\/#\/schema\/logo\/image\/\",\"url\":\"https:\/\/andaluciaformacion.net\/wp-content\/uploads\/2025\/09\/29.png\",\"contentUrl\":\"https:\/\/andaluciaformacion.net\/wp-content\/uploads\/2025\/09\/29.png\",\"width\":880,\"height\":880,\"caption\":\"Andaluc\u00eda Formaci\u00f3n\"},\"image\":{\"@id\":\"https:\/\/andaluciaformacion.net\/#\/schema\/logo\/image\/\"},\"sameAs\":[\"https:\/\/www.facebook.com\/people\/Andaluca-Formacin\/61556074687452\/\",\"https:\/\/www.instagram.com\/andaluciaformacion\"]},{\"@type\":\"Person\",\"@id\":\"https:\/\/andaluciaformacion.net\/#\/schema\/person\/9543ca4aeee6e7b481a522dfa3cd46db\",\"name\":\"Marketing\",\"image\":{\"@type\":\"ImageObject\",\"inLanguage\":\"es\",\"@id\":\"https:\/\/secure.gravatar.com\/avatar\/a714e5b7126052c5bb7c03f73b7fd552bd9b53bf075609213f23336e06c7c165?s=96&d=mm&r=g\",\"url\":\"https:\/\/secure.gravatar.com\/avatar\/a714e5b7126052c5bb7c03f73b7fd552bd9b53bf075609213f23336e06c7c165?s=96&d=mm&r=g\",\"contentUrl\":\"https:\/\/secure.gravatar.com\/avatar\/a714e5b7126052c5bb7c03f73b7fd552bd9b53bf075609213f23336e06c7c165?s=96&d=mm&r=g\",\"caption\":\"Marketing\"},\"url\":\"https:\/\/andaluciaformacion.net\/?author=4\"}]}<\/script>\n<!-- \/ Yoast SEO plugin. -->","yoast_head_json":{"title":"Volver al mercado laboral: oportunidades reales para mayores de 45 y colectivos con m\u00e1s dificultades - Andaluc\u00eda Formaci\u00f3n","robots":{"index":"index","follow":"follow","max-snippet":"max-snippet:-1","max-image-preview":"max-image-preview:large","max-video-preview":"max-video-preview:-1"},"canonical":"https:\/\/andaluciaformacion.net\/?p=839","og_locale":"es_ES","og_type":"article","og_title":"Volver al mercado laboral: oportunidades reales para mayores de 45 y colectivos con m\u00e1s dificultades - Andaluc\u00eda Formaci\u00f3n","og_description":"Empleabilidad \u00b7 Inserci\u00f3n laboral \u00b7 Formaci\u00f3n Volver al mercado laboral: oportunidades reales para mayores de 45 y colectivos con m\u00e1s dificultades Descubre c\u00f3mo mejorar tu empleabilidad, qu\u00e9 opciones tienes hoy en d\u00eda y c\u00f3mo la formaci\u00f3n y la orientaci\u00f3n laboral pueden ayudarte a encontrar trabajo. Volver a buscar trabajo despu\u00e9s de un tiempo en desempleo, [&hellip;]","og_url":"https:\/\/andaluciaformacion.net\/?p=839","og_site_name":"Andaluc\u00eda Formaci\u00f3n","article_publisher":"https:\/\/www.facebook.com\/people\/Andaluca-Formacin\/61556074687452\/","article_published_time":"2026-04-13T11:01:38+00:00","article_modified_time":"2026-04-13T11:25:20+00:00","author":"Marketing","twitter_card":"summary_large_image","twitter_misc":{"Escrito por":"Marketing","Tiempo de lectura":"3 minutos"},"schema":{"@context":"https:\/\/schema.org","@graph":[{"@type":"Article","@id":"https:\/\/andaluciaformacion.net\/?p=839#article","isPartOf":{"@id":"https:\/\/andaluciaformacion.net\/?p=839"},"author":{"name":"Marketing","@id":"https:\/\/andaluciaformacion.net\/#\/schema\/person\/9543ca4aeee6e7b481a522dfa3cd46db"},"headline":"Volver al mercado laboral: oportunidades reales para mayores de 45 y colectivos con m\u00e1s dificultades","datePublished":"2026-04-13T11:01:38+00:00","dateModified":"2026-04-13T11:25:20+00:00","mainEntityOfPage":{"@id":"https:\/\/andaluciaformacion.net\/?p=839"},"wordCount":681,"commentCount":0,"publisher":{"@id":"https:\/\/andaluciaformacion.net\/#organization"},"image":{"@id":"https:\/\/andaluciaformacion.net\/?p=839#primaryimage"},"thumbnailUrl":"https:\/\/andaluciaformacion.net\/wp-content\/uploads\/2026\/04\/ChatGPT-Image-13-abr-2026-13_24_28.png","keywords":["Andaluc\u00eda","Andaluc\u00eda Formaci\u00f3n","empleo","formaci\u00f3n","formaci\u00f3n gratuita","inserci\u00f3n laboral","trabajo"],"articleSection":["Empleo Vulnerables","Formaci\u00f3n"],"inLanguage":"es","potentialAction":[{"@type":"CommentAction","name":"Comment","target":["https:\/\/andaluciaformacion.net\/?p=839#respond"]}]},{"@type":"WebPage","@id":"https:\/\/andaluciaformacion.net\/?p=839","url":"https:\/\/andaluciaformacion.net\/?p=839","name":"Volver al mercado laboral: oportunidades reales para mayores de 45 y colectivos con m\u00e1s dificultades - Andaluc\u00eda Formaci\u00f3n","isPartOf":{"@id":"https:\/\/andaluciaformacion.net\/#website"},"primaryImageOfPage":{"@id":"https:\/\/andaluciaformacion.net\/?p=839#primaryimage"},"image":{"@id":"https:\/\/andaluciaformacion.net\/?p=839#primaryimage"},"thumbnailUrl":"https:\/\/andaluciaformacion.net\/wp-content\/uploads\/2026\/04\/ChatGPT-Image-13-abr-2026-13_24_28.png","datePublished":"2026-04-13T11:01:38+00:00","dateModified":"2026-04-13T11:25:20+00:00","breadcrumb":{"@id":"https:\/\/andaluciaformacion.net\/?p=839#breadcrumb"},"inLanguage":"es","potentialAction":[{"@type":"ReadAction","target":["https:\/\/andaluciaformacion.net\/?p=839"]}]},{"@type":"ImageObject","inLanguage":"es","@id":"https:\/\/andaluciaformacion.net\/?p=839#primaryimage","url":"https:\/\/andaluciaformacion.net\/wp-content\/uploads\/2026\/04\/ChatGPT-Image-13-abr-2026-13_24_28.png","contentUrl":"https:\/\/andaluciaformacion.net\/wp-content\/uploads\/2026\/04\/ChatGPT-Image-13-abr-2026-13_24_28.png","width":1536,"height":1024},{"@type":"BreadcrumbList","@id":"https:\/\/andaluciaformacion.net\/?p=839#breadcrumb","itemListElement":[{"@type":"ListItem","position":1,"name":"Portada","item":"https:\/\/andaluciaformacion.net\/"},{"@type":"ListItem","position":2,"name":"Volver al mercado laboral: oportunidades reales para mayores de 45 y colectivos con m\u00e1s dificultades"}]},{"@type":"WebSite","@id":"https:\/\/andaluciaformacion.net\/#website","url":"https:\/\/andaluciaformacion.net\/","name":"Andaluc\u00eda Formaci\u00f3n","description":"","publisher":{"@id":"https:\/\/andaluciaformacion.net\/#organization"},"potentialAction":[{"@type":"SearchAction","target":{"@type":"EntryPoint","urlTemplate":"https:\/\/andaluciaformacion.net\/?s={search_term_string}"},"query-input":{"@type":"PropertyValueSpecification","valueRequired":true,"valueName":"search_term_string"}}],"inLanguage":"es"},{"@type":"Organization","@id":"https:\/\/andaluciaformacion.net\/#organization","name":"Andaluc\u00eda Formaci\u00f3n","url":"https:\/\/andaluciaformacion.net\/","logo":{"@type":"ImageObject","inLanguage":"es","@id":"https:\/\/andaluciaformacion.net\/#\/schema\/logo\/image\/","url":"https:\/\/andaluciaformacion.net\/wp-content\/uploads\/2025\/09\/29.png","contentUrl":"https:\/\/andaluciaformacion.net\/wp-content\/uploads\/2025\/09\/29.png","width":880,"height":880,"caption":"Andaluc\u00eda Formaci\u00f3n"},"image":{"@id":"https:\/\/andaluciaformacion.net\/#\/schema\/logo\/image\/"},"sameAs":["https:\/\/www.facebook.com\/people\/Andaluca-Formacin\/61556074687452\/","https:\/\/www.instagram.com\/andaluciaformacion"]},{"@type":"Person","@id":"https:\/\/andaluciaformacion.net\/#\/schema\/person\/9543ca4aeee6e7b481a522dfa3cd46db","name":"Marketing","image":{"@type":"ImageObject","inLanguage":"es","@id":"https:\/\/secure.gravatar.com\/avatar\/a714e5b7126052c5bb7c03f73b7fd552bd9b53bf075609213f23336e06c7c165?s=96&d=mm&r=g","url":"https:\/\/secure.gravatar.com\/avatar\/a714e5b7126052c5bb7c03f73b7fd552bd9b53bf075609213f23336e06c7c165?s=96&d=mm&r=g","contentUrl":"https:\/\/secure.gravatar.com\/avatar\/a714e5b7126052c5bb7c03f73b7fd552bd9b53bf075609213f23336e06c7c165?s=96&d=mm&r=g","caption":"Marketing"},"url":"https:\/\/andaluciaformacion.net\/?author=4"}]}},"_links":{"self":[{"href":"https:\/\/andaluciaformacion.net\/index.php?rest_route=\/wp\/v2\/posts\/839","targetHints":{"allow":["GET"]}}],"collection":[{"href":"https:\/\/andaluciaformacion.net\/index.php?rest_route=\/wp\/v2\/posts"}],"about":[{"href":"https:\/\/andaluciaformacion.net\/index.php?rest_route=\/wp\/v2\/types\/post"}],"author":[{"embeddable":true,"href":"https:\/\/andaluciaformacion.net\/index.php?rest_route=\/wp\/v2\/users\/4"}],"replies":[{"embeddable":true,"href":"https:\/\/andaluciaformacion.net\/index.php?rest_route=%2Fwp%2Fv2%2Fcomments&post=839"}],"version-history":[{"count":1,"href":"https:\/\/andaluciaformacion.net\/index.php?rest_route=\/wp\/v2\/posts\/839\/revisions"}],"predecessor-version":[{"id":840,"href":"https:\/\/andaluciaformacion.net\/index.php?rest_route=\/wp\/v2\/posts\/839\/revisions\/840"}],"wp:featuredmedia":[{"embeddable":true,"href":"https:\/\/andaluciaformacion.net\/index.php?rest_route=\/wp\/v2\/media\/842"}],"wp:attachment":[{"href":"https:\/\/andaluciaformacion.net\/index.php?rest_route=%2Fwp%2Fv2%2Fmedia&parent=839"}],"wp:term":[{"taxonomy":"category","embeddable":true,"href":"https:\/\/andaluciaformacion.net\/index.php?rest_route=%2Fwp%2Fv2%2Fcategories&post=839"},{"taxonomy":"post_tag","embeddable":true,"href":"https:\/\/andaluciaformacion.net\/index.php?rest_route=%2Fwp%2Fv2%2Ftags&post=839"}],"curies":[{"name":"wp","href":"https:\/\/api.w.org\/{rel}","templated":true}]}}