{"id":798,"date":"2026-03-23T11:33:29","date_gmt":"2026-03-23T10:33:29","guid":{"rendered":"https:\/\/andaluciaformacion.net\/?p=798"},"modified":"2026-03-23T11:43:11","modified_gmt":"2026-03-23T10:43:11","slug":"buscar-trabajo-despues-de-los-45-claves-para-volver-al-mercado-laboral","status":"publish","type":"post","link":"https:\/\/andaluciaformacion.net\/?p=798","title":{"rendered":"Buscar trabajo despu\u00e9s de los 45: claves para volver al mercado laboral"},"content":{"rendered":"<section style=\"font-family: Arial, Helvetica, sans-serif; background: #ffffff; color: #1f2937; max-width: 1100px; margin: 0 auto; line-height: 1.75;\"><!-- HERO --><\/p>\n<div style=\"background: linear-gradient(135deg, #0b56b5 0%, #3f78c9 55%, #8aa9d8 100%); padding: 42px 28px; border-radius: 20px; margin: 20px 0 30px 0; color: #ffffff;\">\n<p style=\"margin: 0 0 10px 0; font-size: 14px; font-weight: bold; letter-spacing: 0.5px; text-transform: uppercase;\"><span style=\"color: #ffffff;\">Empleabilidad \u00b7 Orientaci\u00f3n laboral \u00b7 Mayores de 45 a\u00f1os<\/span><\/p>\n<h1 style=\"margin: 0 0 14px 0; font-size: 40px; line-height: 1.15; font-weight: 800;\"><span style=\"color: #ffffff;\">Buscar trabajo despu\u00e9s de los 45: claves para volver al mercado laboral<\/span><\/h1>\n<p style=\"margin: 0; font-size: 18px; max-width: 850px;\"><span style=\"color: #ffffff;\">Descubre c\u00f3mo mejorar tu empleabilidad a partir de los 45, qu\u00e9 fortalezas debes destacar, c\u00f3mo actualizar tu perfil profesional y qu\u00e9 pasos pueden ayudarte a volver al mercado laboral con m\u00e1s seguridad.<\/span><\/p>\n<\/div>\n<p><!-- INTRO --><\/p>\n<div style=\"margin-bottom: 30px;\">\n<p style=\"font-size: 18px; margin-bottom: 18px;\">Buscar trabajo despu\u00e9s de los 45 puede parecer un reto, sobre todo si llevas tiempo en desempleo, quieres cambiar de sector o sientes que el mercado laboral ha cambiado mucho en los \u00faltimos a\u00f1os. Sin embargo, tambi\u00e9n puede ser una etapa de nuevas oportunidades si sabes c\u00f3mo enfocar tu perfil y tu estrategia.<\/p>\n<p style=\"font-size: 18px; margin-bottom: 0;\">La experiencia, la responsabilidad, la madurez profesional y la capacidad de adaptaci\u00f3n siguen siendo cualidades muy valoradas por muchas empresas. En este art\u00edculo te contamos <strong>c\u00f3mo volver al mercado laboral despu\u00e9s de los 45<\/strong>, qu\u00e9 errores evitar y qu\u00e9 acciones pueden ayudarte a conseguir entrevistas y nuevas oportunidades.<\/p>\n<\/div>\n<p><!-- INDICE --><\/p>\n<div style=\"background: #f4f8fe; border: 1px solid #d7e4f8; border-radius: 18px; padding: 24px; margin: 0 0 34px 0;\">\n<h2 style=\"margin: 0 0 14px 0; font-size: 24px; color: #0b56b5;\">\u00cdndice<\/h2>\n<ol style=\"margin: 0; padding-left: 20px;\">\n<li><a style=\"color: #0b56b5; text-decoration: none; font-weight: 600;\" href=\"#por-que-cuesta\">Por qu\u00e9 puede costar m\u00e1s encontrar trabajo despu\u00e9s de los 45<\/a><\/li>\n<li><a style=\"color: #0b56b5; text-decoration: none; font-weight: 600;\" href=\"#fortalezas\">Fortalezas que debes destacar en tu candidatura<\/a><\/li>\n<li><a style=\"color: #0b56b5; text-decoration: none; font-weight: 600;\" href=\"#actualizar-perfil\">C\u00f3mo actualizar tu perfil profesional<\/a><\/li>\n<li><a style=\"color: #0b56b5; text-decoration: none; font-weight: 600;\" href=\"#reinventarte\">Reinventarte profesionalmente: cu\u00e1ndo y c\u00f3mo hacerlo<\/a><\/li>\n<li><a style=\"color: #0b56b5; text-decoration: none; font-weight: 600;\" href=\"#buscar-mejor\">C\u00f3mo buscar empleo de forma m\u00e1s efectiva<\/a><\/li>\n<li><a style=\"color: #0b56b5; text-decoration: none; font-weight: 600;\" href=\"#pasos\">7 claves pr\u00e1cticas para volver al mercado laboral<\/a><\/li>\n<li><a style=\"color: #0b56b5; text-decoration: none; font-weight: 600;\" href=\"#faq\">Preguntas frecuentes<\/a><\/li>\n<\/ol>\n<\/div>\n<p><!-- IMAGE PLACEHOLDER 1 --><\/p>\n<div style=\"margin: 0 0 34px 0;\">\n<div style=\"background: #eef4fd; border: 2px dashed #8aa9d8; border-radius: 18px; padding: 24px; text-align: center;\">\n<p style=\"margin: 0; font-size: 16px; color: #355f9f;\"><img loading=\"lazy\" decoding=\"async\" class=\"alignnone  wp-image-804\" src=\"https:\/\/andaluciaformacion.net\/wp-content\/uploads\/2026\/03\/ChatGPT-Image-23-mar-2026-09_28_06-300x200.png\" alt=\"Buscar trabajo despu\u00e9s de los 45 a\u00f1os actualizando el curr\u00edculum\" width=\"647\" height=\"431\" srcset=\"https:\/\/andaluciaformacion.net\/wp-content\/uploads\/2026\/03\/ChatGPT-Image-23-mar-2026-09_28_06-300x200.png 300w, https:\/\/andaluciaformacion.net\/wp-content\/uploads\/2026\/03\/ChatGPT-Image-23-mar-2026-09_28_06-1024x683.png 1024w, https:\/\/andaluciaformacion.net\/wp-content\/uploads\/2026\/03\/ChatGPT-Image-23-mar-2026-09_28_06-768x512.png 768w, https:\/\/andaluciaformacion.net\/wp-content\/uploads\/2026\/03\/ChatGPT-Image-23-mar-2026-09_28_06.png 1536w\" sizes=\"(max-width: 647px) 100vw, 647px\" \/><\/p>\n<\/div>\n<\/div>\n<p><!-- SECTION 1 --><\/p>\n<div id=\"por-que-cuesta\" style=\"margin-bottom: 34px;\">\n<h2 style=\"font-size: 30px; color: #0b56b5; margin-bottom: 16px;\">Por qu\u00e9 puede costar m\u00e1s encontrar trabajo despu\u00e9s de los 45<\/h2>\n<p>Muchas personas mayores de 45 se encuentran con dificultades a\u00f1adidas al buscar empleo. A veces influye haber pasado mucho tiempo en el mismo sector, otras veces la necesidad de adaptarse a nuevas herramientas digitales, y en muchos casos tambi\u00e9n pesa la inseguridad de volver a empezar.<\/p>\n<p>Adem\u00e1s, si llevas tiempo sin trabajar o has pasado por una etapa de desempleo de larga duraci\u00f3n, puede resultar complicado saber por d\u00f3nde retomar la b\u00fasqueda. Sin embargo, esto no significa que tus posibilidades sean bajas. Lo importante es identificar qu\u00e9 frena tu candidatura y c\u00f3mo reforzar tu perfil.<\/p>\n<p>Hoy en d\u00eda no basta con enviar curr\u00edculums sin m\u00e1s. Para volver al mercado laboral con m\u00e1s opciones es necesario trabajar el curr\u00edculum, la estrategia de b\u00fasqueda, la formaci\u00f3n y la presentaci\u00f3n personal.<\/p>\n<\/div>\n<p><!-- SECTION 2 --><\/p>\n<div id=\"fortalezas\" style=\"margin-bottom: 34px;\">\n<h2 style=\"font-size: 30px; color: #0b56b5; margin-bottom: 16px;\">Fortalezas que debes destacar en tu candidatura<\/h2>\n<p>Una de las claves para encontrar trabajo despu\u00e9s de los 45 es dejar de centrarte solo en lo que te falta y empezar a comunicar mejor todo lo que s\u00ed puedes aportar.<\/p>\n<div style=\"display: grid; grid-template-columns: repeat(auto-fit,minmax(240px,1fr)); gap: 18px;\">\n<div style=\"background: #ffffff; border: 1px solid #dbe7f8; border-radius: 16px; padding: 20px; box-shadow: 0 6px 18px rgba(11,86,181,0.06);\">\n<h3 style=\"margin-top: 0; color: #0b56b5; font-size: 20px;\">Experiencia real<\/h3>\n<p style=\"margin-bottom: 0;\">Has vivido situaciones laborales, resuelto problemas y acumulado conocimientos pr\u00e1cticos que muchas empresas valoran.<\/p>\n<\/div>\n<div style=\"background: #ffffff; border: 1px solid #dbe7f8; border-radius: 16px; padding: 20px; box-shadow: 0 6px 18px rgba(11,86,181,0.06);\">\n<h3 style=\"margin-top: 0; color: #0b56b5; font-size: 20px;\">Responsabilidad y compromiso<\/h3>\n<p style=\"margin-bottom: 0;\">La estabilidad, la seriedad y la implicaci\u00f3n son cualidades que suelen marcar la diferencia en muchos puestos.<\/p>\n<\/div>\n<div style=\"background: #ffffff; border: 1px solid #dbe7f8; border-radius: 16px; padding: 20px; box-shadow: 0 6px 18px rgba(11,86,181,0.06);\">\n<h3 style=\"margin-top: 0; color: #0b56b5; font-size: 20px;\">Capacidad de adaptaci\u00f3n<\/h3>\n<p style=\"margin-bottom: 0;\">Aunque a veces no se destaque, muchas personas mayores de 45 han pasado por cambios de empresa, funciones o entornos y saben adaptarse.<\/p>\n<\/div>\n<div style=\"background: #ffffff; border: 1px solid #dbe7f8; border-radius: 16px; padding: 20px; box-shadow: 0 6px 18px rgba(11,86,181,0.06);\">\n<h3 style=\"margin-top: 0; color: #0b56b5; font-size: 20px;\">Habilidades personales<\/h3>\n<p style=\"margin-bottom: 0;\">Trabajo en equipo, trato con clientes, organizaci\u00f3n, constancia y resoluci\u00f3n de conflictos siguen siendo competencias muy demandadas.<\/p>\n<\/div>\n<\/div>\n<\/div>\n<p><!-- SECTION 3 --><\/p>\n<div id=\"actualizar-perfil\" style=\"margin-bottom: 34px;\">\n<h2 style=\"font-size: 30px; color: #0b56b5; margin-bottom: 16px;\">C\u00f3mo actualizar tu perfil profesional<\/h2>\n<p>Si quieres volver al mercado laboral, necesitas que tu candidatura refleje un perfil actual. Esto no significa ocultar tu trayectoria, sino presentarla de forma clara, \u00fatil y orientada al puesto que buscas.<\/p>\n<ul style=\"padding-left: 22px; margin-bottom: 16px;\">\n<li><strong>Actualiza tu curr\u00edculum:<\/strong> usa un dise\u00f1o limpio, claro y f\u00e1cil de leer.<\/li>\n<li><strong>Incluye un perfil profesional:<\/strong> resume en pocas l\u00edneas tu experiencia, tus puntos fuertes y tu objetivo laboral.<\/li>\n<li><strong>Destaca logros y funciones relevantes:<\/strong> no te limites a poner cargos y fechas.<\/li>\n<li><strong>A\u00f1ade formaci\u00f3n reciente:<\/strong> cursos, certificados o competencias digitales que refuercen tu perfil.<\/li>\n<li><strong>Adapta el CV a cada oferta:<\/strong> utiliza palabras clave relacionadas con el puesto.<\/li>\n<\/ul>\n<p>Tambi\u00e9n es importante revisar tu presencia en portales de empleo y, si procede, en LinkedIn. Tener un perfil actualizado puede ayudarte a transmitir una imagen m\u00e1s activa, actual y preparada.<\/p>\n<\/div>\n<p><!-- CTA BOX --><\/p>\n<div style=\"background: #0b56b5; color: #ffffff; border-radius: 18px; padding: 28px; margin: 0 0 34px 0;\">\n<h3 style=\"margin-top: 0; margin-bottom: 10px; font-size: 26px;\"><span style=\"color: #ffffff;\">Tu experiencia sigue teniendo valor<\/span><\/h3>\n<p style=\"margin: 0 0 14px 0; font-size: 17px;\"><span style=\"color: #ffffff;\">Volver al mercado laboral despu\u00e9s de los 45 no consiste en empezar de cero, sino en saber presentar mejor tu trayectoria, actualizar competencias y orientar tu b\u00fasqueda con una estrategia m\u00e1s efectiva.<\/span><\/p>\n<p style=\"margin: 0; font-size: 17px;\"><span style=\"color: #ffffff;\">La orientaci\u00f3n laboral y la formaci\u00f3n adecuada pueden ayudarte a convertir tu experiencia en una ventaja competitiva.<\/span><\/p>\n<\/div>\n<p><!-- SECTION 4 --><\/p>\n<div id=\"reinventarte\" style=\"margin-bottom: 34px;\">\n<h2 style=\"font-size: 30px; color: #0b56b5; margin-bottom: 16px;\">Reinventarte profesionalmente: cu\u00e1ndo y c\u00f3mo hacerlo<\/h2>\n<p>En algunos casos, volver al mercado laboral pasa por seguir en tu sector habitual. En otros, puede ser m\u00e1s \u00fatil abrirte a nuevas funciones, nuevos entornos o incluso a una peque\u00f1a reconversi\u00f3n profesional.<\/p>\n<p>Reinventarte no significa abandonar toda tu experiencia anterior. Muchas veces se trata de trasladar tus habilidades a otros puestos relacionados. Por ejemplo, una persona con experiencia en atenci\u00f3n al p\u00fablico puede orientar su perfil hacia administraci\u00f3n, recepci\u00f3n, ventas, apoyo comercial o gesti\u00f3n b\u00e1sica de clientes.<\/p>\n<p>Para hacerlo bien, conviene analizar tres aspectos:<\/p>\n<ul style=\"padding-left: 22px;\">\n<li>Qu\u00e9 sabes hacer y qu\u00e9 tareas dominas.<\/li>\n<li>Qu\u00e9 sectores o puestos pueden aprovechar esa experiencia.<\/li>\n<li>Qu\u00e9 formaci\u00f3n breve o complementaria puede ayudarte a dar el salto.<\/li>\n<\/ul>\n<p>A veces un curso espec\u00edfico, una actualizaci\u00f3n digital o una orientaci\u00f3n profesional adecuada son suficientes para abrir nuevas opciones laborales.<\/p>\n<\/div>\n<p><!-- IMAGE PLACEHOLDER 2 --><\/p>\n<div style=\"margin: 0 0 34px 0;\">\n<div style=\"background: #eef4fd; border: 2px dashed #8aa9d8; border-radius: 18px; padding: 24px; text-align: center;\">\n<p style=\"margin: 0; font-size: 16px; color: #355f9f;\"><img loading=\"lazy\" decoding=\"async\" class=\"alignnone  wp-image-805\" src=\"https:\/\/andaluciaformacion.net\/wp-content\/uploads\/2026\/03\/ChatGPT-Image-23-mar-2026-09_28_05-300x200.png\" alt=\"Orientaci\u00f3n laboral para mayores de 45 a\u00f1os en b\u00fasqueda de empleo\" width=\"667\" height=\"444\" srcset=\"https:\/\/andaluciaformacion.net\/wp-content\/uploads\/2026\/03\/ChatGPT-Image-23-mar-2026-09_28_05-300x200.png 300w, https:\/\/andaluciaformacion.net\/wp-content\/uploads\/2026\/03\/ChatGPT-Image-23-mar-2026-09_28_05-1024x683.png 1024w, https:\/\/andaluciaformacion.net\/wp-content\/uploads\/2026\/03\/ChatGPT-Image-23-mar-2026-09_28_05-768x512.png 768w, https:\/\/andaluciaformacion.net\/wp-content\/uploads\/2026\/03\/ChatGPT-Image-23-mar-2026-09_28_05.png 1536w\" sizes=\"(max-width: 667px) 100vw, 667px\" \/><\/p>\n<\/div>\n<\/div>\n<p><!-- SECTION 5 --><\/p>\n<div id=\"buscar-mejor\" style=\"margin-bottom: 34px;\">\n<h2 style=\"font-size: 30px; color: #0b56b5; margin-bottom: 16px;\">C\u00f3mo buscar empleo de forma m\u00e1s efectiva despu\u00e9s de los 45<\/h2>\n<p>Uno de los errores m\u00e1s frecuentes es limitar la b\u00fasqueda a enviar curr\u00edculums en portales de empleo sin una estrategia clara. Buscar trabajo de forma m\u00e1s efectiva implica combinar varias acciones y mantener una rutina organizada.<\/p>\n<p>Estas claves pueden ayudarte:<\/p>\n<div style=\"background: #f8fbff; border-left: 5px solid #0b56b5; padding: 18px 20px; border-radius: 10px;\">\n<ul style=\"padding-left: 22px; margin: 0;\">\n<li>Definir un objetivo profesional realista y concreto.<\/li>\n<li>Seleccionar ofertas que encajen con tu perfil y experiencia.<\/li>\n<li>Adaptar el curr\u00edculum a cada candidatura.<\/li>\n<li>Potenciar la formaci\u00f3n en competencias digitales y herramientas b\u00e1sicas.<\/li>\n<li>Ampliar la b\u00fasqueda a empresas de tu zona, autocandidaturas y contactos profesionales.<\/li>\n<li>Preparar bien las entrevistas para comunicar seguridad y valor.<\/li>\n<\/ul>\n<\/div>\n<p style=\"margin-top: 16px;\">Cuanto m\u00e1s clara sea tu propuesta profesional, m\u00e1s f\u00e1cil ser\u00e1 que una empresa entienda en qu\u00e9 puedes encajar.<\/p>\n<\/div>\n<p><!-- SECTION 6 --><\/p>\n<div id=\"pasos\" style=\"margin-bottom: 34px;\">\n<h2 style=\"font-size: 30px; color: #0b56b5; margin-bottom: 16px;\">7 claves pr\u00e1cticas para volver al mercado laboral<\/h2>\n<div style=\"display: grid; grid-template-columns: repeat(auto-fit,minmax(220px,1fr)); gap: 16px;\">\n<div style=\"background: #f4f8fe; border-radius: 16px; padding: 18px; border: 1px solid #d7e4f8;\"><strong>1.<\/strong> Revisa tu curr\u00edculum y actual\u00edzalo con enfoque profesional.<\/div>\n<div style=\"background: #f4f8fe; border-radius: 16px; padding: 18px; border: 1px solid #d7e4f8;\"><strong>2.<\/strong> Destaca experiencia, compromiso y habilidades transferibles.<\/div>\n<div style=\"background: #f4f8fe; border-radius: 16px; padding: 18px; border: 1px solid #d7e4f8;\"><strong>3.<\/strong> Refuerza tu perfil con formaci\u00f3n \u00fatil y reciente.<\/div>\n<div style=\"background: #f4f8fe; border-radius: 16px; padding: 18px; border: 1px solid #d7e4f8;\"><strong>4.<\/strong> Define qu\u00e9 puestos puedes desempe\u00f1ar hoy con tu experiencia.<\/div>\n<div style=\"background: #f4f8fe; border-radius: 16px; padding: 18px; border: 1px solid #d7e4f8;\"><strong>5.<\/strong> Organiza tu b\u00fasqueda y evita enviar candidaturas sin filtrar.<\/div>\n<div style=\"background: #f4f8fe; border-radius: 16px; padding: 18px; border: 1px solid #d7e4f8;\"><strong>6.<\/strong> Practica c\u00f3mo explicar tu trayectoria con seguridad.<\/div>\n<div style=\"background: #f4f8fe; border-radius: 16px; padding: 18px; border: 1px solid #d7e4f8;\"><strong>7.<\/strong> Ap\u00f3yate en orientaci\u00f3n laboral para enfocar mejor el proceso.<\/div>\n<\/div>\n<\/div>\n<p><!-- CONCLUSION --><\/p>\n<div style=\"margin-bottom: 34px;\">\n<h2 style=\"font-size: 30px; color: #0b56b5; margin-bottom: 16px;\">Conclusi\u00f3n: volver a trabajar despu\u00e9s de los 45 s\u00ed es posible<\/h2>\n<p>Buscar trabajo despu\u00e9s de los 45 requiere estrategia, confianza y una presentaci\u00f3n profesional bien trabajada. La experiencia no debe verse como un obst\u00e1culo, sino como una base s\u00f3lida sobre la que construir nuevas oportunidades.<\/p>\n<p>Con un curr\u00edculum actualizado, una b\u00fasqueda m\u00e1s enfocada, formaci\u00f3n adecuada y apoyo en orientaci\u00f3n laboral, es posible volver al mercado laboral con m\u00e1s opciones y mejores resultados.<\/p>\n<\/div>\n<p><!-- CTA FINAL --><\/p>\n<div style=\"background: linear-gradient(135deg,#dfeaf9 0%, #f7fbff 100%); border: 1px solid #c9dbf4; border-radius: 20px; padding: 28px; margin: 0 0 34px 0;\">\n<h3 style=\"margin-top: 0; color: #0b56b5; font-size: 28px;\">\u00bfQuieres mejorar tu empleabilidad despu\u00e9s de los 45?<\/h3>\n<p style=\"font-size: 17px; margin-bottom: 16px;\">La orientaci\u00f3n laboral, la formaci\u00f3n y el acompa\u00f1amiento personalizado pueden ayudarte a definir mejor tu objetivo profesional y a volver al mercado laboral con m\u00e1s seguridad.<\/p>\n<p><a style=\"display: inline-block; background: #0b56b5; color: #ffffff; text-decoration: none; padding: 14px 22px; border-radius: 999px; font-weight: bold;\" href=\"https:\/\/andaluciaformacion.net\/\">Conoce Andaluc\u00eda Formaci\u00f3n<br \/>\n<\/a><\/p>\n<\/div>\n<p><!-- FAQ --><\/p>\n<div id=\"faq\" style=\"margin-bottom: 20px;\">\n<h2 style=\"font-size: 30px; color: #0b56b5; margin-bottom: 18px;\">Preguntas frecuentes<\/h2>\n<div style=\"border: 1px solid #dbe7f8; border-radius: 14px; padding: 18px 20px; margin-bottom: 14px;\">\n<h3 style=\"margin: 0 0 8px 0; font-size: 21px; color: #0b56b5;\">\u00bfEs m\u00e1s dif\u00edcil encontrar trabajo despu\u00e9s de los 45?<\/h3>\n<p style=\"margin: 0;\">Puede requerir una estrategia m\u00e1s cuidada, pero muchas empresas valoran la experiencia, la responsabilidad y la estabilidad profesional. La clave est\u00e1 en presentar bien el perfil y mantenerlo actualizado.<\/p>\n<\/div>\n<div style=\"border: 1px solid #dbe7f8; border-radius: 14px; padding: 18px 20px; margin-bottom: 14px;\">\n<h3 style=\"margin: 0 0 8px 0; font-size: 21px; color: #0b56b5;\">\u00bfQu\u00e9 debo poner en mi curr\u00edculum si llevo tiempo sin trabajar?<\/h3>\n<p style=\"margin: 0;\">Conviene destacar la experiencia anterior, la formaci\u00f3n reciente, las competencias adquiridas y cualquier actividad \u00fatil para el puesto, incluyendo reciclaje profesional, voluntariado o colaboraci\u00f3n en otros \u00e1mbitos.<\/p>\n<\/div>\n<div style=\"border: 1px solid #dbe7f8; border-radius: 14px; padding: 18px 20px; margin-bottom: 14px;\">\n<h3 style=\"margin: 0 0 8px 0; font-size: 21px; color: #0b56b5;\">\u00bfEs recomendable cambiar de sector despu\u00e9s de los 45?<\/h3>\n<p style=\"margin: 0;\">S\u00ed, en algunos casos puede ser una buena opci\u00f3n. Lo importante es identificar qu\u00e9 habilidades transferibles tienes y qu\u00e9 formaci\u00f3n complementaria puede facilitar el cambio.<\/p>\n<\/div>\n<div style=\"border: 1px solid #dbe7f8; border-radius: 14px; padding: 18px 20px; margin-bottom: 14px;\">\n<h3 style=\"margin: 0 0 8px 0; font-size: 21px; color: #0b56b5;\">\u00bfLa orientaci\u00f3n laboral ayuda a encontrar empleo?<\/h3>\n<p style=\"margin: 0;\">S\u00ed. La orientaci\u00f3n laboral puede ayudarte a mejorar tu curr\u00edculum, definir mejor tu objetivo profesional, preparar entrevistas y enfocar de forma m\u00e1s eficaz tu b\u00fasqueda de empleo.<\/p>\n<\/div>\n<\/div>\n<p><!-- IMAGE PLACEHOLDER 3 --><\/p>\n<div style=\"margin: 0 0 10px 0;\">\n<div style=\"background: #eef4fd; border: 2px dashed #8aa9d8; border-radius: 18px; padding: 24px; text-align: center;\">\n<p style=\"margin: 0; font-size: 16px; color: #355f9f;\"><img loading=\"lazy\" decoding=\"async\" class=\"alignnone wp-image-806 \" src=\"https:\/\/andaluciaformacion.net\/wp-content\/uploads\/2026\/03\/EntrevistaMayoresde45-300x200.png\" alt=\"Claves para volver al mercado laboral despu\u00e9s de los 45 a\u00f1os\" width=\"703\" height=\"468\" srcset=\"https:\/\/andaluciaformacion.net\/wp-content\/uploads\/2026\/03\/EntrevistaMayoresde45-300x200.png 300w, https:\/\/andaluciaformacion.net\/wp-content\/uploads\/2026\/03\/EntrevistaMayoresde45-1024x683.png 1024w, https:\/\/andaluciaformacion.net\/wp-content\/uploads\/2026\/03\/EntrevistaMayoresde45-768x512.png 768w, https:\/\/andaluciaformacion.net\/wp-content\/uploads\/2026\/03\/EntrevistaMayoresde45.png 1536w\" sizes=\"(max-width: 703px) 100vw, 703px\" \/><\/p>\n<\/div>\n<\/div>\n<\/section>\n","protected":false},"excerpt":{"rendered":"<p>Empleabilidad \u00b7 Orientaci\u00f3n laboral \u00b7 Mayores de 45 a\u00f1os Buscar trabajo despu\u00e9s de los 45: claves para volver al mercado laboral Descubre c\u00f3mo mejorar tu empleabilidad a partir de los 45, qu\u00e9 fortalezas debes destacar, c\u00f3mo actualizar tu perfil profesional y qu\u00e9 pasos pueden ayudarte a volver al mercado laboral con m\u00e1s seguridad. Buscar trabajo [&hellip;]<\/p>\n","protected":false},"author":4,"featured_media":809,"comment_status":"open","ping_status":"open","sticky":false,"template":"","format":"standard","meta":{"saved_in_kubio":true,"footnotes":""},"categories":[118,24],"tags":[116,35,14,117,36,40,11,9,113,37],"class_list":["post-798","post","type-post","status-publish","format-standard","has-post-thumbnail","hentry","category-empleo-vulnerables","category-cursos-gratuitos-andalucia","tag-adultos","tag-andalucia","tag-andalucia-formacion","tag-empleabilidad","tag-empleo","tag-formacion","tag-formacion-gratuita","tag-insercion-laboral","tag-mayores-de-45","tag-trabajo"],"yoast_head":"<!-- This site is optimized with the Yoast SEO plugin v27.2 - https:\/\/yoast.com\/product\/yoast-seo-wordpress\/ -->\n<title>Buscar trabajo despu\u00e9s de los 45: claves para volver al mercado laboral - Andaluc\u00eda Formaci\u00f3n<\/title>\n<meta name=\"robots\" content=\"index, follow, max-snippet:-1, max-image-preview:large, max-video-preview:-1\" \/>\n<link rel=\"canonical\" href=\"https:\/\/andaluciaformacion.net\/?p=798\" \/>\n<meta property=\"og:locale\" content=\"es_ES\" \/>\n<meta property=\"og:type\" content=\"article\" \/>\n<meta property=\"og:title\" content=\"Buscar trabajo despu\u00e9s de los 45: claves para volver al mercado laboral - Andaluc\u00eda Formaci\u00f3n\" \/>\n<meta property=\"og:description\" content=\"Empleabilidad \u00b7 Orientaci\u00f3n laboral \u00b7 Mayores de 45 a\u00f1os Buscar trabajo despu\u00e9s de los 45: claves para volver al mercado laboral Descubre c\u00f3mo mejorar tu empleabilidad a partir de los 45, qu\u00e9 fortalezas debes destacar, c\u00f3mo actualizar tu perfil profesional y qu\u00e9 pasos pueden ayudarte a volver al mercado laboral con m\u00e1s seguridad. Buscar trabajo [&hellip;]\" \/>\n<meta property=\"og:url\" content=\"https:\/\/andaluciaformacion.net\/?p=798\" \/>\n<meta property=\"og:site_name\" content=\"Andaluc\u00eda Formaci\u00f3n\" \/>\n<meta property=\"article:publisher\" content=\"https:\/\/www.facebook.com\/people\/Andaluca-Formacin\/61556074687452\/\" \/>\n<meta property=\"article:published_time\" content=\"2026-03-23T10:33:29+00:00\" \/>\n<meta property=\"article:modified_time\" content=\"2026-03-23T10:43:11+00:00\" \/>\n<meta property=\"og:image\" content=\"https:\/\/andaluciaformacion.net\/wp-content\/uploads\/2026\/03\/ChatGPT-Image-23-mar-2026-09_28_06-1024x683.png\" \/>\n\t<meta property=\"og:image:width\" content=\"1024\" \/>\n\t<meta property=\"og:image:height\" content=\"683\" \/>\n\t<meta property=\"og:image:type\" content=\"image\/png\" \/>\n<meta name=\"author\" content=\"Marketing\" \/>\n<meta name=\"twitter:card\" content=\"summary_large_image\" \/>\n<meta name=\"twitter:label1\" content=\"Escrito por\" \/>\n\t<meta name=\"twitter:data1\" content=\"Marketing\" \/>\n\t<meta name=\"twitter:label2\" content=\"Tiempo de lectura\" \/>\n\t<meta name=\"twitter:data2\" content=\"7 minutos\" \/>\n<script type=\"application\/ld+json\" class=\"yoast-schema-graph\">{\"@context\":\"https:\/\/schema.org\",\"@graph\":[{\"@type\":\"Article\",\"@id\":\"https:\/\/andaluciaformacion.net\/?p=798#article\",\"isPartOf\":{\"@id\":\"https:\/\/andaluciaformacion.net\/?p=798\"},\"author\":{\"name\":\"Marketing\",\"@id\":\"https:\/\/andaluciaformacion.net\/#\/schema\/person\/9543ca4aeee6e7b481a522dfa3cd46db\"},\"headline\":\"Buscar trabajo despu\u00e9s de los 45: claves para volver al mercado laboral\",\"datePublished\":\"2026-03-23T10:33:29+00:00\",\"dateModified\":\"2026-03-23T10:43:11+00:00\",\"mainEntityOfPage\":{\"@id\":\"https:\/\/andaluciaformacion.net\/?p=798\"},\"wordCount\":1347,\"commentCount\":0,\"publisher\":{\"@id\":\"https:\/\/andaluciaformacion.net\/#organization\"},\"image\":{\"@id\":\"https:\/\/andaluciaformacion.net\/?p=798#primaryimage\"},\"thumbnailUrl\":\"https:\/\/andaluciaformacion.net\/wp-content\/uploads\/2026\/03\/ChatGPT-Image-23-mar-2026-11_41_42.png\",\"keywords\":[\"adultos\",\"Andaluc\u00eda\",\"Andaluc\u00eda Formaci\u00f3n\",\"empleabilidad\",\"empleo\",\"formaci\u00f3n\",\"formaci\u00f3n gratuita\",\"inserci\u00f3n laboral\",\"mayores de 45\",\"trabajo\"],\"articleSection\":[\"Empleo Vulnerables\",\"Formaci\u00f3n\"],\"inLanguage\":\"es\",\"potentialAction\":[{\"@type\":\"CommentAction\",\"name\":\"Comment\",\"target\":[\"https:\/\/andaluciaformacion.net\/?p=798#respond\"]}]},{\"@type\":\"WebPage\",\"@id\":\"https:\/\/andaluciaformacion.net\/?p=798\",\"url\":\"https:\/\/andaluciaformacion.net\/?p=798\",\"name\":\"Buscar trabajo despu\u00e9s de los 45: claves para volver al mercado laboral - Andaluc\u00eda Formaci\u00f3n\",\"isPartOf\":{\"@id\":\"https:\/\/andaluciaformacion.net\/#website\"},\"primaryImageOfPage\":{\"@id\":\"https:\/\/andaluciaformacion.net\/?p=798#primaryimage\"},\"image\":{\"@id\":\"https:\/\/andaluciaformacion.net\/?p=798#primaryimage\"},\"thumbnailUrl\":\"https:\/\/andaluciaformacion.net\/wp-content\/uploads\/2026\/03\/ChatGPT-Image-23-mar-2026-11_41_42.png\",\"datePublished\":\"2026-03-23T10:33:29+00:00\",\"dateModified\":\"2026-03-23T10:43:11+00:00\",\"breadcrumb\":{\"@id\":\"https:\/\/andaluciaformacion.net\/?p=798#breadcrumb\"},\"inLanguage\":\"es\",\"potentialAction\":[{\"@type\":\"ReadAction\",\"target\":[\"https:\/\/andaluciaformacion.net\/?p=798\"]}]},{\"@type\":\"ImageObject\",\"inLanguage\":\"es\",\"@id\":\"https:\/\/andaluciaformacion.net\/?p=798#primaryimage\",\"url\":\"https:\/\/andaluciaformacion.net\/wp-content\/uploads\/2026\/03\/ChatGPT-Image-23-mar-2026-11_41_42.png\",\"contentUrl\":\"https:\/\/andaluciaformacion.net\/wp-content\/uploads\/2026\/03\/ChatGPT-Image-23-mar-2026-11_41_42.png\",\"width\":1536,\"height\":1024},{\"@type\":\"BreadcrumbList\",\"@id\":\"https:\/\/andaluciaformacion.net\/?p=798#breadcrumb\",\"itemListElement\":[{\"@type\":\"ListItem\",\"position\":1,\"name\":\"Portada\",\"item\":\"https:\/\/andaluciaformacion.net\/\"},{\"@type\":\"ListItem\",\"position\":2,\"name\":\"Buscar trabajo despu\u00e9s de los 45: claves para volver al mercado laboral\"}]},{\"@type\":\"WebSite\",\"@id\":\"https:\/\/andaluciaformacion.net\/#website\",\"url\":\"https:\/\/andaluciaformacion.net\/\",\"name\":\"Andaluc\u00eda Formaci\u00f3n\",\"description\":\"\",\"publisher\":{\"@id\":\"https:\/\/andaluciaformacion.net\/#organization\"},\"potentialAction\":[{\"@type\":\"SearchAction\",\"target\":{\"@type\":\"EntryPoint\",\"urlTemplate\":\"https:\/\/andaluciaformacion.net\/?s={search_term_string}\"},\"query-input\":{\"@type\":\"PropertyValueSpecification\",\"valueRequired\":true,\"valueName\":\"search_term_string\"}}],\"inLanguage\":\"es\"},{\"@type\":\"Organization\",\"@id\":\"https:\/\/andaluciaformacion.net\/#organization\",\"name\":\"Andaluc\u00eda Formaci\u00f3n\",\"url\":\"https:\/\/andaluciaformacion.net\/\",\"logo\":{\"@type\":\"ImageObject\",\"inLanguage\":\"es\",\"@id\":\"https:\/\/andaluciaformacion.net\/#\/schema\/logo\/image\/\",\"url\":\"https:\/\/andaluciaformacion.net\/wp-content\/uploads\/2025\/09\/29.png\",\"contentUrl\":\"https:\/\/andaluciaformacion.net\/wp-content\/uploads\/2025\/09\/29.png\",\"width\":880,\"height\":880,\"caption\":\"Andaluc\u00eda Formaci\u00f3n\"},\"image\":{\"@id\":\"https:\/\/andaluciaformacion.net\/#\/schema\/logo\/image\/\"},\"sameAs\":[\"https:\/\/www.facebook.com\/people\/Andaluca-Formacin\/61556074687452\/\",\"https:\/\/www.instagram.com\/andaluciaformacion\"]},{\"@type\":\"Person\",\"@id\":\"https:\/\/andaluciaformacion.net\/#\/schema\/person\/9543ca4aeee6e7b481a522dfa3cd46db\",\"name\":\"Marketing\",\"image\":{\"@type\":\"ImageObject\",\"inLanguage\":\"es\",\"@id\":\"https:\/\/secure.gravatar.com\/avatar\/a714e5b7126052c5bb7c03f73b7fd552bd9b53bf075609213f23336e06c7c165?s=96&d=mm&r=g\",\"url\":\"https:\/\/secure.gravatar.com\/avatar\/a714e5b7126052c5bb7c03f73b7fd552bd9b53bf075609213f23336e06c7c165?s=96&d=mm&r=g\",\"contentUrl\":\"https:\/\/secure.gravatar.com\/avatar\/a714e5b7126052c5bb7c03f73b7fd552bd9b53bf075609213f23336e06c7c165?s=96&d=mm&r=g\",\"caption\":\"Marketing\"},\"url\":\"https:\/\/andaluciaformacion.net\/?author=4\"}]}<\/script>\n<!-- \/ Yoast SEO plugin. -->","yoast_head_json":{"title":"Buscar trabajo despu\u00e9s de los 45: claves para volver al mercado laboral - Andaluc\u00eda Formaci\u00f3n","robots":{"index":"index","follow":"follow","max-snippet":"max-snippet:-1","max-image-preview":"max-image-preview:large","max-video-preview":"max-video-preview:-1"},"canonical":"https:\/\/andaluciaformacion.net\/?p=798","og_locale":"es_ES","og_type":"article","og_title":"Buscar trabajo despu\u00e9s de los 45: claves para volver al mercado laboral - Andaluc\u00eda Formaci\u00f3n","og_description":"Empleabilidad \u00b7 Orientaci\u00f3n laboral \u00b7 Mayores de 45 a\u00f1os Buscar trabajo despu\u00e9s de los 45: claves para volver al mercado laboral Descubre c\u00f3mo mejorar tu empleabilidad a partir de los 45, qu\u00e9 fortalezas debes destacar, c\u00f3mo actualizar tu perfil profesional y qu\u00e9 pasos pueden ayudarte a volver al mercado laboral con m\u00e1s seguridad. Buscar trabajo [&hellip;]","og_url":"https:\/\/andaluciaformacion.net\/?p=798","og_site_name":"Andaluc\u00eda Formaci\u00f3n","article_publisher":"https:\/\/www.facebook.com\/people\/Andaluca-Formacin\/61556074687452\/","article_published_time":"2026-03-23T10:33:29+00:00","article_modified_time":"2026-03-23T10:43:11+00:00","og_image":[{"width":1024,"height":683,"url":"https:\/\/andaluciaformacion.net\/wp-content\/uploads\/2026\/03\/ChatGPT-Image-23-mar-2026-09_28_06-1024x683.png","type":"image\/png"}],"author":"Marketing","twitter_card":"summary_large_image","twitter_misc":{"Escrito por":"Marketing","Tiempo de lectura":"7 minutos"},"schema":{"@context":"https:\/\/schema.org","@graph":[{"@type":"Article","@id":"https:\/\/andaluciaformacion.net\/?p=798#article","isPartOf":{"@id":"https:\/\/andaluciaformacion.net\/?p=798"},"author":{"name":"Marketing","@id":"https:\/\/andaluciaformacion.net\/#\/schema\/person\/9543ca4aeee6e7b481a522dfa3cd46db"},"headline":"Buscar trabajo despu\u00e9s de los 45: claves para volver al mercado laboral","datePublished":"2026-03-23T10:33:29+00:00","dateModified":"2026-03-23T10:43:11+00:00","mainEntityOfPage":{"@id":"https:\/\/andaluciaformacion.net\/?p=798"},"wordCount":1347,"commentCount":0,"publisher":{"@id":"https:\/\/andaluciaformacion.net\/#organization"},"image":{"@id":"https:\/\/andaluciaformacion.net\/?p=798#primaryimage"},"thumbnailUrl":"https:\/\/andaluciaformacion.net\/wp-content\/uploads\/2026\/03\/ChatGPT-Image-23-mar-2026-11_41_42.png","keywords":["adultos","Andaluc\u00eda","Andaluc\u00eda Formaci\u00f3n","empleabilidad","empleo","formaci\u00f3n","formaci\u00f3n gratuita","inserci\u00f3n laboral","mayores de 45","trabajo"],"articleSection":["Empleo Vulnerables","Formaci\u00f3n"],"inLanguage":"es","potentialAction":[{"@type":"CommentAction","name":"Comment","target":["https:\/\/andaluciaformacion.net\/?p=798#respond"]}]},{"@type":"WebPage","@id":"https:\/\/andaluciaformacion.net\/?p=798","url":"https:\/\/andaluciaformacion.net\/?p=798","name":"Buscar trabajo despu\u00e9s de los 45: claves para volver al mercado laboral - Andaluc\u00eda Formaci\u00f3n","isPartOf":{"@id":"https:\/\/andaluciaformacion.net\/#website"},"primaryImageOfPage":{"@id":"https:\/\/andaluciaformacion.net\/?p=798#primaryimage"},"image":{"@id":"https:\/\/andaluciaformacion.net\/?p=798#primaryimage"},"thumbnailUrl":"https:\/\/andaluciaformacion.net\/wp-content\/uploads\/2026\/03\/ChatGPT-Image-23-mar-2026-11_41_42.png","datePublished":"2026-03-23T10:33:29+00:00","dateModified":"2026-03-23T10:43:11+00:00","breadcrumb":{"@id":"https:\/\/andaluciaformacion.net\/?p=798#breadcrumb"},"inLanguage":"es","potentialAction":[{"@type":"ReadAction","target":["https:\/\/andaluciaformacion.net\/?p=798"]}]},{"@type":"ImageObject","inLanguage":"es","@id":"https:\/\/andaluciaformacion.net\/?p=798#primaryimage","url":"https:\/\/andaluciaformacion.net\/wp-content\/uploads\/2026\/03\/ChatGPT-Image-23-mar-2026-11_41_42.png","contentUrl":"https:\/\/andaluciaformacion.net\/wp-content\/uploads\/2026\/03\/ChatGPT-Image-23-mar-2026-11_41_42.png","width":1536,"height":1024},{"@type":"BreadcrumbList","@id":"https:\/\/andaluciaformacion.net\/?p=798#breadcrumb","itemListElement":[{"@type":"ListItem","position":1,"name":"Portada","item":"https:\/\/andaluciaformacion.net\/"},{"@type":"ListItem","position":2,"name":"Buscar trabajo despu\u00e9s de los 45: claves para volver al mercado laboral"}]},{"@type":"WebSite","@id":"https:\/\/andaluciaformacion.net\/#website","url":"https:\/\/andaluciaformacion.net\/","name":"Andaluc\u00eda Formaci\u00f3n","description":"","publisher":{"@id":"https:\/\/andaluciaformacion.net\/#organization"},"potentialAction":[{"@type":"SearchAction","target":{"@type":"EntryPoint","urlTemplate":"https:\/\/andaluciaformacion.net\/?s={search_term_string}"},"query-input":{"@type":"PropertyValueSpecification","valueRequired":true,"valueName":"search_term_string"}}],"inLanguage":"es"},{"@type":"Organization","@id":"https:\/\/andaluciaformacion.net\/#organization","name":"Andaluc\u00eda Formaci\u00f3n","url":"https:\/\/andaluciaformacion.net\/","logo":{"@type":"ImageObject","inLanguage":"es","@id":"https:\/\/andaluciaformacion.net\/#\/schema\/logo\/image\/","url":"https:\/\/andaluciaformacion.net\/wp-content\/uploads\/2025\/09\/29.png","contentUrl":"https:\/\/andaluciaformacion.net\/wp-content\/uploads\/2025\/09\/29.png","width":880,"height":880,"caption":"Andaluc\u00eda Formaci\u00f3n"},"image":{"@id":"https:\/\/andaluciaformacion.net\/#\/schema\/logo\/image\/"},"sameAs":["https:\/\/www.facebook.com\/people\/Andaluca-Formacin\/61556074687452\/","https:\/\/www.instagram.com\/andaluciaformacion"]},{"@type":"Person","@id":"https:\/\/andaluciaformacion.net\/#\/schema\/person\/9543ca4aeee6e7b481a522dfa3cd46db","name":"Marketing","image":{"@type":"ImageObject","inLanguage":"es","@id":"https:\/\/secure.gravatar.com\/avatar\/a714e5b7126052c5bb7c03f73b7fd552bd9b53bf075609213f23336e06c7c165?s=96&d=mm&r=g","url":"https:\/\/secure.gravatar.com\/avatar\/a714e5b7126052c5bb7c03f73b7fd552bd9b53bf075609213f23336e06c7c165?s=96&d=mm&r=g","contentUrl":"https:\/\/secure.gravatar.com\/avatar\/a714e5b7126052c5bb7c03f73b7fd552bd9b53bf075609213f23336e06c7c165?s=96&d=mm&r=g","caption":"Marketing"},"url":"https:\/\/andaluciaformacion.net\/?author=4"}]}},"_links":{"self":[{"href":"https:\/\/andaluciaformacion.net\/index.php?rest_route=\/wp\/v2\/posts\/798","targetHints":{"allow":["GET"]}}],"collection":[{"href":"https:\/\/andaluciaformacion.net\/index.php?rest_route=\/wp\/v2\/posts"}],"about":[{"href":"https:\/\/andaluciaformacion.net\/index.php?rest_route=\/wp\/v2\/types\/post"}],"author":[{"embeddable":true,"href":"https:\/\/andaluciaformacion.net\/index.php?rest_route=\/wp\/v2\/users\/4"}],"replies":[{"embeddable":true,"href":"https:\/\/andaluciaformacion.net\/index.php?rest_route=%2Fwp%2Fv2%2Fcomments&post=798"}],"version-history":[{"count":5,"href":"https:\/\/andaluciaformacion.net\/index.php?rest_route=\/wp\/v2\/posts\/798\/revisions"}],"predecessor-version":[{"id":807,"href":"https:\/\/andaluciaformacion.net\/index.php?rest_route=\/wp\/v2\/posts\/798\/revisions\/807"}],"wp:featuredmedia":[{"embeddable":true,"href":"https:\/\/andaluciaformacion.net\/index.php?rest_route=\/wp\/v2\/media\/809"}],"wp:attachment":[{"href":"https:\/\/andaluciaformacion.net\/index.php?rest_route=%2Fwp%2Fv2%2Fmedia&parent=798"}],"wp:term":[{"taxonomy":"category","embeddable":true,"href":"https:\/\/andaluciaformacion.net\/index.php?rest_route=%2Fwp%2Fv2%2Fcategories&post=798"},{"taxonomy":"post_tag","embeddable":true,"href":"https:\/\/andaluciaformacion.net\/index.php?rest_route=%2Fwp%2Fv2%2Ftags&post=798"}],"curies":[{"name":"wp","href":"https:\/\/api.w.org\/{rel}","templated":true}]}}