{"id":643,"date":"2026-03-18T13:49:27","date_gmt":"2026-03-18T12:49:27","guid":{"rendered":"https:\/\/andaluciaformacion.net\/?p=643"},"modified":"2026-03-23T07:20:57","modified_gmt":"2026-03-23T06:20:57","slug":"que-hacer-si-envias-curriculums-y-no-te-llaman","status":"publish","type":"post","link":"https:\/\/andaluciaformacion.net\/?p=643","title":{"rendered":"Qu\u00e9 hacer si env\u00edas curr\u00edculums y no te llaman"},"content":{"rendered":"<section style=\"font-family: Arial, Helvetica, sans-serif; background: #ffffff; color: #1f2937; max-width: 1100px; margin: 0 auto; line-height: 1.75;\"><!-- HERO --><\/p>\n<div style=\"background: linear-gradient(135deg, #0b56b5 0%, #3f78c9 55%, #8aa9d8 100%); padding: 42px 28px; border-radius: 20px; margin: 20px 0 30px 0; color: #ffffff;\">\n<p style=\"margin: 0 0 10px 0; font-size: 14px; font-weight: bold; letter-spacing: 0.5px; text-transform: uppercase;\"><span style=\"color: #ffffff;\">Empleabilidad \u00b7 Orientaci\u00f3n laboral \u00b7 B\u00fasqueda de empleo<\/span><\/p>\n<h1 style=\"margin: 0 0 14px 0; font-size: 40px; line-height: 1.15; font-weight: 800;\"><span style=\"color: #ffffff;\">Qu\u00e9 hacer si env\u00edas curr\u00edculums y no te llaman<\/span><\/h1>\n<p style=\"margin: 0; font-size: 18px; max-width: 850px;\"><span style=\"color: #ffffff;\">Descubre por qu\u00e9 no est\u00e1s obteniendo respuesta, qu\u00e9 errores suelen frenar tu candidatura y c\u00f3mo mejorar tu curr\u00edculum, tu estrategia de b\u00fasqueda y tu presentaci\u00f3n para aumentar tus oportunidades laborales.<\/span><\/p>\n<\/div>\n<p><!-- INTRO --><\/p>\n<div style=\"margin-bottom: 30px;\">\n<p style=\"font-size: 18px; margin-bottom: 18px;\">Enviar muchos curr\u00edculums y no recibir llamadas puede ser frustrante. Aun as\u00ed, no siempre significa que no tengas perfil o que no existan oportunidades para ti. En muchos casos, el problema est\u00e1 en <strong>c\u00f3mo se presenta la candidatura<\/strong>, <strong>a qu\u00e9 ofertas se env\u00eda<\/strong> o <strong>c\u00f3mo se organiza la b\u00fasqueda de empleo<\/strong>.<\/p>\n<p style=\"font-size: 18px; margin-bottom: 0;\">Tanto si eres joven en busca de tu primera oportunidad como si formas parte de un colectivo vulnerable, revisar tu estrategia puede marcar la diferencia. En este art\u00edculo te explicamos qu\u00e9 hacer si mandas curr\u00edculums y no te llaman, paso a paso.<\/p>\n<\/div>\n<p><!-- INDICE --><\/p>\n<div style=\"background: #f4f8fe; border: 1px solid #d7e4f8; border-radius: 18px; padding: 24px; margin: 0 0 34px 0;\">\n<h2 style=\"margin: 0 0 14px 0; font-size: 24px; color: #0b56b5;\">\u00cdndice<\/h2>\n<ol style=\"margin: 0; padding-left: 20px;\">\n<li><a style=\"color: #0b56b5; text-decoration: none; font-weight: 600;\" href=\"#por-que-no-me-llaman\">Por qu\u00e9 no te llaman despu\u00e9s de enviar tu curr\u00edculum<\/a><\/li>\n<li><a style=\"color: #0b56b5; text-decoration: none; font-weight: 600;\" href=\"#errores-frecuentes\">Errores frecuentes al buscar empleo<\/a><\/li>\n<li><a style=\"color: #0b56b5; text-decoration: none; font-weight: 600;\" href=\"#como-mejorar-cv\">C\u00f3mo mejorar tu curr\u00edculum para conseguir entrevistas<\/a><\/li>\n<li><a style=\"color: #0b56b5; text-decoration: none; font-weight: 600;\" href=\"#revisar-estrategia\">C\u00f3mo revisar tu estrategia de b\u00fasqueda de empleo<\/a><\/li>\n<li><a style=\"color: #0b56b5; text-decoration: none; font-weight: 600;\" href=\"#si-no-tienes-experiencia\">Qu\u00e9 hacer si no tienes experiencia o llevas tiempo en paro<\/a><\/li>\n<li><a style=\"color: #0b56b5; text-decoration: none; font-weight: 600;\" href=\"#pasos-practicos\">7 pasos pr\u00e1cticos para empezar hoy mismo<\/a><\/li>\n<li><a style=\"color: #0b56b5; text-decoration: none; font-weight: 600;\" href=\"#faq\">Preguntas frecuentes<\/a><\/li>\n<\/ol>\n<\/div>\n<p><!-- IMAGE PLACEHOLDER 1 --><\/p>\n<div style=\"margin: 0 0 34px 0;\">\n<div style=\"background: #eef4fd; border: 2px dashed #8aa9d8; border-radius: 18px; padding: 24px; text-align: center;\">\n<p style=\"margin: 0; font-size: 16px; color: #355f9f;\"><img loading=\"lazy\" decoding=\"async\" class=\"alignnone wp-image-644\" src=\"https:\/\/andaluciaformacion.net\/wp-content\/uploads\/2026\/03\/Diseno-sin-titulo-300x157.png\" alt=\"Persona revisando su curr\u00edculum para encontrar trabajo en Andaluc\u00eda\" width=\"696\" height=\"364\" srcset=\"https:\/\/andaluciaformacion.net\/wp-content\/uploads\/2026\/03\/Diseno-sin-titulo-300x157.png 300w, https:\/\/andaluciaformacion.net\/wp-content\/uploads\/2026\/03\/Diseno-sin-titulo-1024x536.png 1024w, https:\/\/andaluciaformacion.net\/wp-content\/uploads\/2026\/03\/Diseno-sin-titulo-768x402.png 768w, https:\/\/andaluciaformacion.net\/wp-content\/uploads\/2026\/03\/Diseno-sin-titulo.png 1200w\" sizes=\"(max-width: 696px) 100vw, 696px\" \/><\/p>\n<\/div>\n<\/div>\n<p><!-- SECTION 1 --><\/p>\n<div id=\"por-que-no-me-llaman\" style=\"margin-bottom: 34px;\">\n<h2 style=\"font-size: 30px; color: #0b56b5; margin-bottom: 16px;\">Por qu\u00e9 no te llaman despu\u00e9s de enviar tu curr\u00edculum<\/h2>\n<p>Hay varias razones por las que una empresa puede no contactar contigo, y muchas de ellas tienen soluci\u00f3n. A veces el curr\u00edculum no destaca lo suficiente, otras veces no est\u00e1 adaptado a la oferta y, en muchos casos, la candidatura no refleja bien tus competencias reales.<\/p>\n<p>Tambi\u00e9n ocurre que se env\u00edan curr\u00edculums de forma masiva, sin filtrar las vacantes ni personalizar el perfil para cada puesto. Esta pr\u00e1ctica suele reducir mucho las posibilidades de obtener una entrevista.<\/p>\n<p>Adem\u00e1s, algunas empresas utilizan filtros autom\u00e1ticos para seleccionar candidaturas. Si tu curr\u00edculum no incluye palabras clave relacionadas con el puesto, puede quedar descartado antes incluso de que lo lea una persona.<\/p>\n<\/div>\n<p><!-- SECTION 2 --><\/p>\n<div id=\"errores-frecuentes\" style=\"margin-bottom: 34px;\">\n<h2 style=\"font-size: 30px; color: #0b56b5; margin-bottom: 16px;\">Errores frecuentes al buscar empleo<\/h2>\n<div style=\"display: grid; grid-template-columns: repeat(auto-fit,minmax(240px,1fr)); gap: 18px;\">\n<div style=\"background: #ffffff; border: 1px solid #dbe7f8; border-radius: 16px; padding: 20px; box-shadow: 0 6px 18px rgba(11,86,181,0.06);\">\n<h3 style=\"margin-top: 0; color: #0b56b5; font-size: 20px;\">1. Enviar el mismo CV a todas las ofertas<\/h3>\n<p style=\"margin-bottom: 0;\">Cada oferta pide habilidades, experiencia y funciones distintas. Adaptar el curr\u00edculum es clave.<\/p>\n<\/div>\n<div style=\"background: #ffffff; border: 1px solid #dbe7f8; border-radius: 16px; padding: 20px; box-shadow: 0 6px 18px rgba(11,86,181,0.06);\">\n<h3 style=\"margin-top: 0; color: #0b56b5; font-size: 20px;\">2. No destacar logros o competencias<\/h3>\n<p style=\"margin-bottom: 0;\">No basta con poner estudios o trabajos anteriores: hay que explicar qu\u00e9 sabes hacer y qu\u00e9 puedes aportar.<\/p>\n<\/div>\n<div style=\"background: #ffffff; border: 1px solid #dbe7f8; border-radius: 16px; padding: 20px; box-shadow: 0 6px 18px rgba(11,86,181,0.06);\">\n<h3 style=\"margin-top: 0; color: #0b56b5; font-size: 20px;\">3. Tener un dise\u00f1o poco claro<\/h3>\n<p style=\"margin-bottom: 0;\">Un curr\u00edculum con demasiada informaci\u00f3n, mala estructura o faltas de ortograf\u00eda genera mala impresi\u00f3n.<\/p>\n<\/div>\n<div style=\"background: #ffffff; border: 1px solid #dbe7f8; border-radius: 16px; padding: 20px; box-shadow: 0 6px 18px rgba(11,86,181,0.06);\">\n<h3 style=\"margin-top: 0; color: #0b56b5; font-size: 20px;\">4. Apuntarte a ofertas poco ajustadas<\/h3>\n<p style=\"margin-bottom: 0;\">Si el puesto no encaja con tu perfil o tu disponibilidad, la empresa probablemente no avanzar\u00e1 contigo.<\/p>\n<\/div>\n<\/div>\n<\/div>\n<p><!-- SECTION 3 --><\/p>\n<div id=\"como-mejorar-cv\" style=\"margin-bottom: 34px;\">\n<h2 style=\"font-size: 30px; color: #0b56b5; margin-bottom: 16px;\">C\u00f3mo mejorar tu curr\u00edculum para conseguir entrevistas<\/h2>\n<p>Uno de los primeros pasos es revisar tu curr\u00edculum con mirada cr\u00edtica. Tu CV debe ser claro, f\u00e1cil de leer y estar orientado al puesto que quieres conseguir.<\/p>\n<ul style=\"padding-left: 22px; margin-bottom: 16px;\">\n<li><strong>Usa un t\u00edtulo profesional claro:<\/strong> por ejemplo, \u201cAuxiliar administrativo\u201d, \u201cDependiente\u201d, \u201cMozo de almac\u00e9n\u201d o \u201cAtenci\u00f3n al cliente\u201d.<\/li>\n<li><strong>Incluye un breve perfil profesional:<\/strong> 3 o 4 l\u00edneas para resumir tu experiencia, habilidades y objetivo laboral.<\/li>\n<li><strong>Adapta las palabras clave:<\/strong> utiliza t\u00e9rminos similares a los de la oferta de empleo.<\/li>\n<li><strong>Destaca formaci\u00f3n \u00fatil:<\/strong> cursos, certificados o talleres relacionados con el puesto.<\/li>\n<li><strong>Cuida la presentaci\u00f3n:<\/strong> sin faltas de ortograf\u00eda, con buena estructura y sin exceso de texto.<\/li>\n<\/ul>\n<p>Aunque no tengas experiencia directa, puedes incluir pr\u00e1cticas, voluntariado, formaci\u00f3n, competencias digitales, atenci\u00f3n al p\u00fablico, capacidad de trabajo en equipo o disponibilidad. Todo suma si est\u00e1 bien enfocado.<\/p>\n<\/div>\n<p><!-- CTA BOX --><\/p>\n<div style=\"background: #0b56b5; color: #ffffff; border-radius: 18px; padding: 28px; margin: 0 0 34px 0;\">\n<h3 style=\"margin-top: 0; margin-bottom: 10px; font-size: 26px;\"><span style=\"color: #ffffff;\">Tu curr\u00edculum no tiene por qu\u00e9 hacerlo todo solo<\/span><\/h3>\n<p style=\"margin: 0 0 14px 0; font-size: 17px;\"><span style=\"color: #ffffff;\">Una buena orientaci\u00f3n laboral puede ayudarte a detectar errores, definir mejor tu objetivo profesional y presentarte con m\u00e1s fuerza ante las empresas.<\/span><\/p>\n<p style=\"margin: 0; font-size: 17px;\"><span style=\"color: #ffffff;\">En Andaluc\u00eda Formaci\u00f3n trabajamos la empleabilidad, la formaci\u00f3n y el acompa\u00f1amiento para mejorar las oportunidades de acceso al mercado laboral.<\/span><\/p>\n<\/div>\n<p><!-- SECTION 4 --><\/p>\n<div id=\"revisar-estrategia\" style=\"margin-bottom: 34px;\">\n<h2 style=\"font-size: 30px; color: #0b56b5; margin-bottom: 16px;\">C\u00f3mo revisar tu estrategia de b\u00fasqueda de empleo<\/h2>\n<p>No se trata solo de tener un buen curr\u00edculum. Tambi\u00e9n es importante revisar c\u00f3mo buscas empleo. Muchas personas centran todos sus esfuerzos en portales de empleo, pero existen m\u00e1s v\u00edas.<\/p>\n<p>Puedes mejorar resultados si combinas estas acciones:<\/p>\n<ul style=\"padding-left: 22px;\">\n<li>Inscribirte en ofertas que realmente encajen contigo.<\/li>\n<li>Actualizar tus perfiles profesionales y portales de empleo.<\/li>\n<li>Preparar una presentaci\u00f3n breve sobre qui\u00e9n eres y qu\u00e9 buscas.<\/li>\n<li>Contactar con empresas de tu zona aunque no tengan una oferta publicada.<\/li>\n<li>Ampliar tu formaci\u00f3n en \u00e1reas con demanda laboral.<\/li>\n<li>Solicitar orientaci\u00f3n para enfocar mejor tu candidatura.<\/li>\n<\/ul>\n<p>Una b\u00fasqueda de empleo m\u00e1s organizada suele generar mejores resultados que enviar curr\u00edculums sin planificaci\u00f3n.<\/p>\n<\/div>\n<p><!-- IMAGE PLACEHOLDER 2 --><\/p>\n<div style=\"margin: 0 0 34px 0;\">\n<div style=\"background: #eef4fd; border: 2px dashed #8aa9d8; border-radius: 18px; padding: 24px; text-align: center;\">\n<p style=\"margin: 0; font-size: 16px; color: #355f9f;\"><img loading=\"lazy\" decoding=\"async\" class=\"alignnone wp-image-645\" src=\"https:\/\/andaluciaformacion.net\/wp-content\/uploads\/2026\/03\/Diseno-sin-titulo-1-300x157.png\" alt=\"Orientaci\u00f3n laboral para mejorar curr\u00edculum y empleabilidad\" width=\"627\" height=\"328\" srcset=\"https:\/\/andaluciaformacion.net\/wp-content\/uploads\/2026\/03\/Diseno-sin-titulo-1-300x157.png 300w, https:\/\/andaluciaformacion.net\/wp-content\/uploads\/2026\/03\/Diseno-sin-titulo-1-1024x536.png 1024w, https:\/\/andaluciaformacion.net\/wp-content\/uploads\/2026\/03\/Diseno-sin-titulo-1-768x402.png 768w, https:\/\/andaluciaformacion.net\/wp-content\/uploads\/2026\/03\/Diseno-sin-titulo-1.png 1200w\" sizes=\"(max-width: 627px) 100vw, 627px\" \/><\/p>\n<\/div>\n<\/div>\n<p><!-- SECTION 5 --><\/p>\n<div id=\"si-no-tienes-experiencia\" style=\"margin-bottom: 34px;\">\n<h2 style=\"font-size: 30px; color: #0b56b5; margin-bottom: 16px;\">Qu\u00e9 hacer si no tienes experiencia o llevas tiempo en paro<\/h2>\n<p>Este punto es especialmente importante para j\u00f3venes, mayores de 45 a\u00f1os, personas con discapacidad, desempleados de larga duraci\u00f3n y otros colectivos vulnerables. Si este es tu caso, recuerda que tu candidatura puede seguir siendo valiosa.<\/p>\n<p>Lo importante es identificar y comunicar bien tus fortalezas:<\/p>\n<div style=\"background: #f8fbff; border-left: 5px solid #0b56b5; padding: 18px 20px; border-radius: 10px;\">\n<ul style=\"padding-left: 22px; margin: 0;\">\n<li>Formaci\u00f3n reciente o espec\u00edfica.<\/li>\n<li>Capacidad de adaptaci\u00f3n y aprendizaje.<\/li>\n<li>Responsabilidad, compromiso y constancia.<\/li>\n<li>Experiencias no laborales \u00fatiles, como cuidados, voluntariado o colaboraci\u00f3n en negocios familiares.<\/li>\n<li>Inter\u00e9s por reciclarte profesionalmente y mejorar tu empleabilidad.<\/li>\n<\/ul>\n<\/div>\n<p style=\"margin-top: 16px;\">En estos casos, tambi\u00e9n puede ser muy \u00fatil participar en itinerarios de orientaci\u00f3n y formaci\u00f3n para reforzar el perfil y acercarse a sectores con m\u00e1s oportunidades.<\/p>\n<\/div>\n<p><!-- SECTION 6 --><\/p>\n<div id=\"pasos-practicos\" style=\"margin-bottom: 34px;\">\n<h2 style=\"font-size: 30px; color: #0b56b5; margin-bottom: 16px;\">7 pasos pr\u00e1cticos para empezar hoy mismo<\/h2>\n<div style=\"display: grid; grid-template-columns: repeat(auto-fit,minmax(220px,1fr)); gap: 16px;\">\n<div style=\"background: #f4f8fe; border-radius: 16px; padding: 18px; border: 1px solid #d7e4f8;\"><strong>1.<\/strong> Revisa el dise\u00f1o y redacci\u00f3n de tu curr\u00edculum.<\/div>\n<div style=\"background: #f4f8fe; border-radius: 16px; padding: 18px; border: 1px solid #d7e4f8;\"><strong>2.<\/strong> Adapta el CV a cada oferta concreta.<\/div>\n<div style=\"background: #f4f8fe; border-radius: 16px; padding: 18px; border: 1px solid #d7e4f8;\"><strong>3.<\/strong> Mejora tu perfil profesional en portales de empleo.<\/div>\n<div style=\"background: #f4f8fe; border-radius: 16px; padding: 18px; border: 1px solid #d7e4f8;\"><strong>4.<\/strong> Ap\u00fantate solo a ofertas que encajen contigo.<\/div>\n<div style=\"background: #f4f8fe; border-radius: 16px; padding: 18px; border: 1px solid #d7e4f8;\"><strong>5.<\/strong> Refuerza tu perfil con formaci\u00f3n \u00fatil y actualizada.<\/div>\n<div style=\"background: #f4f8fe; border-radius: 16px; padding: 18px; border: 1px solid #d7e4f8;\"><strong>6.<\/strong> Practica c\u00f3mo presentarte en una entrevista.<\/div>\n<div style=\"background: #f4f8fe; border-radius: 16px; padding: 18px; border: 1px solid #d7e4f8;\"><strong>7.<\/strong> Busca apoyo en orientaci\u00f3n laboral especializada.<\/div>\n<\/div>\n<\/div>\n<p><!-- CONCLUSION --><\/p>\n<div style=\"margin-bottom: 34px;\">\n<h2 style=\"font-size: 30px; color: #0b56b5; margin-bottom: 16px;\">Conclusi\u00f3n: no recibir llamadas no significa que no puedas encontrar trabajo<\/h2>\n<p>Si env\u00edas curr\u00edculums y no te llaman, lo mejor es parar, analizar y ajustar. A veces peque\u00f1os cambios en el curr\u00edculum, en la forma de buscar empleo o en la preparaci\u00f3n personal generan una mejora importante en los resultados.<\/p>\n<p>Buscar trabajo tambi\u00e9n implica estrategia, constancia y orientaci\u00f3n. Con apoyo adecuado, formaci\u00f3n \u00fatil y una candidatura mejor enfocada, es posible aumentar tus oportunidades y acercarte m\u00e1s a una entrevista.<\/p>\n<\/div>\n<p><!-- CTA FINAL --><\/p>\n<div style=\"background: linear-gradient(135deg,#dfeaf9 0%, #f7fbff 100%); border: 1px solid #c9dbf4; border-radius: 20px; padding: 28px; margin: 0 0 34px 0;\">\n<h3 style=\"margin-top: 0; color: #0b56b5; font-size: 28px;\">\u00bfQuieres mejorar tu empleabilidad?<\/h3>\n<p style=\"font-size: 17px; margin-bottom: 16px;\">La orientaci\u00f3n laboral, la formaci\u00f3n y el acompa\u00f1amiento personalizado pueden ayudarte a dar un paso m\u00e1s en tu b\u00fasqueda de empleo.<\/p>\n<p><a style=\"display: inline-block; background: #0b56b5; color: #ffffff; text-decoration: none; padding: 14px 22px; border-radius: 999px; font-weight: bold;\" href=\"https:\/\/andaluciaformacion.net\/\">Conoce Andaluc\u00eda Formaci\u00f3n<br \/>\n<\/a><\/p>\n<\/div>\n<p><!-- FAQ --><\/p>\n<div id=\"faq\" style=\"margin-bottom: 20px;\">\n<h2 style=\"font-size: 30px; color: #0b56b5; margin-bottom: 18px;\">Preguntas frecuentes<\/h2>\n<div style=\"border: 1px solid #dbe7f8; border-radius: 14px; padding: 18px 20px; margin-bottom: 14px;\">\n<h3 style=\"margin: 0 0 8px 0; font-size: 21px; color: #0b56b5;\">\u00bfCu\u00e1nto tiempo tarda una empresa en responder a un curr\u00edculum?<\/h3>\n<p style=\"margin: 0;\">Depende del proceso de selecci\u00f3n. Algunas responden en pocos d\u00edas y otras tardan varias semanas. La falta de respuesta no siempre significa descarte inmediato.<\/p>\n<\/div>\n<div style=\"border: 1px solid #dbe7f8; border-radius: 14px; padding: 18px 20px; margin-bottom: 14px;\">\n<h3 style=\"margin: 0 0 8px 0; font-size: 21px; color: #0b56b5;\">\u00bfEs mejor enviar muchos curr\u00edculums o menos pero m\u00e1s adaptados?<\/h3>\n<p style=\"margin: 0;\">Suele funcionar mejor enviar menos candidaturas, pero m\u00e1s personalizadas y ajustadas a cada oferta.<\/p>\n<\/div>\n<div style=\"border: 1px solid #dbe7f8; border-radius: 14px; padding: 18px 20px; margin-bottom: 14px;\">\n<h3 style=\"margin: 0 0 8px 0; font-size: 21px; color: #0b56b5;\">\u00bfPuedo encontrar trabajo si no tengo experiencia?<\/h3>\n<p style=\"margin: 0;\">S\u00ed. La clave est\u00e1 en destacar formaci\u00f3n, competencias, actitud, disponibilidad y cualquier experiencia \u00fatil, aunque no sea empleo formal.<\/p>\n<\/div>\n<div style=\"border: 1px solid #dbe7f8; border-radius: 14px; padding: 18px 20px; margin-bottom: 14px;\">\n<h3 style=\"margin: 0 0 8px 0; font-size: 21px; color: #0b56b5;\">\u00bfLa orientaci\u00f3n laboral realmente ayuda?<\/h3>\n<p style=\"margin: 0;\">S\u00ed. Puede ayudarte a mejorar tu curr\u00edculum, definir mejor tu objetivo profesional, preparar entrevistas y enfocar tu b\u00fasqueda con m\u00e1s eficacia.<\/p>\n<\/div>\n<\/div>\n<p><!-- IMAGE PLACEHOLDER 3 --><\/p>\n<div style=\"margin: 0 0 10px 0;\">\n<div style=\"background: #eef4fd; border: 2px dashed #8aa9d8; border-radius: 18px; padding: 24px; text-align: center;\">\n<p style=\"margin: 0; font-size: 16px; color: #355f9f;\"><strong><img loading=\"lazy\" decoding=\"async\" class=\"alignnone  wp-image-646\" src=\"https:\/\/andaluciaformacion.net\/wp-content\/uploads\/2026\/03\/Diseno-sin-titulo-2-300x157.png\" alt=\"Consejos para conseguir entrevistas de trabajo tras enviar curr\u00edculums\" width=\"643\" height=\"336\" srcset=\"https:\/\/andaluciaformacion.net\/wp-content\/uploads\/2026\/03\/Diseno-sin-titulo-2-300x157.png 300w, https:\/\/andaluciaformacion.net\/wp-content\/uploads\/2026\/03\/Diseno-sin-titulo-2-1024x536.png 1024w, https:\/\/andaluciaformacion.net\/wp-content\/uploads\/2026\/03\/Diseno-sin-titulo-2-768x402.png 768w, https:\/\/andaluciaformacion.net\/wp-content\/uploads\/2026\/03\/Diseno-sin-titulo-2.png 1200w\" sizes=\"(max-width: 643px) 100vw, 643px\" \/><\/strong><\/p>\n<\/div>\n<\/div>\n<\/section>\n","protected":false},"excerpt":{"rendered":"<p>Empleabilidad \u00b7 Orientaci\u00f3n laboral \u00b7 B\u00fasqueda de empleo Qu\u00e9 hacer si env\u00edas curr\u00edculums y no te llaman Descubre por qu\u00e9 no est\u00e1s obteniendo respuesta, qu\u00e9 errores suelen frenar tu candidatura y c\u00f3mo mejorar tu curr\u00edculum, tu estrategia de b\u00fasqueda y tu presentaci\u00f3n para aumentar tus oportunidades laborales. Enviar muchos curr\u00edculums y no recibir llamadas puede [&hellip;]<\/p>\n","protected":false},"author":4,"featured_media":652,"comment_status":"open","ping_status":"open","sticky":false,"template":"","format":"standard","meta":{"saved_in_kubio":true,"footnotes":""},"categories":[7],"tags":[35,14,36,40,11,31,33,9,113,37],"class_list":["post-643","post","type-post","status-publish","format-standard","has-post-thumbnail","hentry","category-empleo-joven-en-andalucia","tag-andalucia","tag-andalucia-formacion","tag-empleo","tag-formacion","tag-formacion-gratuita","tag-formacion-gratuita-para-jovenes","tag-garantia-juvenil-andalucia","tag-insercion-laboral","tag-mayores-de-45","tag-trabajo"],"yoast_head":"<!-- This site is optimized with the Yoast SEO plugin v27.2 - https:\/\/yoast.com\/product\/yoast-seo-wordpress\/ -->\n<title>Qu\u00e9 hacer si env\u00edas curr\u00edculums y no te llaman - Andaluc\u00eda Formaci\u00f3n<\/title>\n<meta name=\"robots\" content=\"index, follow, max-snippet:-1, max-image-preview:large, max-video-preview:-1\" \/>\n<link rel=\"canonical\" href=\"https:\/\/andaluciaformacion.net\/?p=643\" \/>\n<meta property=\"og:locale\" content=\"es_ES\" \/>\n<meta property=\"og:type\" content=\"article\" \/>\n<meta property=\"og:title\" content=\"Qu\u00e9 hacer si env\u00edas curr\u00edculums y no te llaman - Andaluc\u00eda Formaci\u00f3n\" \/>\n<meta property=\"og:description\" content=\"Empleabilidad \u00b7 Orientaci\u00f3n laboral \u00b7 B\u00fasqueda de empleo Qu\u00e9 hacer si env\u00edas curr\u00edculums y no te llaman Descubre por qu\u00e9 no est\u00e1s obteniendo respuesta, qu\u00e9 errores suelen frenar tu candidatura y c\u00f3mo mejorar tu curr\u00edculum, tu estrategia de b\u00fasqueda y tu presentaci\u00f3n para aumentar tus oportunidades laborales. Enviar muchos curr\u00edculums y no recibir llamadas puede [&hellip;]\" \/>\n<meta property=\"og:url\" content=\"https:\/\/andaluciaformacion.net\/?p=643\" \/>\n<meta property=\"og:site_name\" content=\"Andaluc\u00eda Formaci\u00f3n\" \/>\n<meta property=\"article:publisher\" content=\"https:\/\/www.facebook.com\/people\/Andaluca-Formacin\/61556074687452\/\" \/>\n<meta property=\"article:published_time\" content=\"2026-03-18T12:49:27+00:00\" \/>\n<meta property=\"article:modified_time\" content=\"2026-03-23T06:20:57+00:00\" \/>\n<meta property=\"og:image\" content=\"https:\/\/andaluciaformacion.net\/wp-content\/uploads\/2026\/03\/Diseno-sin-titulo-3-1.png\" \/>\n\t<meta property=\"og:image:width\" content=\"939\" \/>\n\t<meta property=\"og:image:height\" content=\"623\" \/>\n\t<meta property=\"og:image:type\" content=\"image\/png\" \/>\n<meta name=\"author\" content=\"Marketing\" \/>\n<meta name=\"twitter:card\" content=\"summary_large_image\" \/>\n<meta name=\"twitter:label1\" content=\"Escrito por\" \/>\n\t<meta name=\"twitter:data1\" content=\"Marketing\" \/>\n\t<meta name=\"twitter:label2\" content=\"Tiempo de lectura\" \/>\n\t<meta name=\"twitter:data2\" content=\"6 minutos\" \/>\n<script type=\"application\/ld+json\" class=\"yoast-schema-graph\">{\"@context\":\"https:\/\/schema.org\",\"@graph\":[{\"@type\":\"Article\",\"@id\":\"https:\/\/andaluciaformacion.net\/?p=643#article\",\"isPartOf\":{\"@id\":\"https:\/\/andaluciaformacion.net\/?p=643\"},\"author\":{\"name\":\"Marketing\",\"@id\":\"https:\/\/andaluciaformacion.net\/#\/schema\/person\/9543ca4aeee6e7b481a522dfa3cd46db\"},\"headline\":\"Qu\u00e9 hacer si env\u00edas curr\u00edculums y no te llaman\",\"datePublished\":\"2026-03-18T12:49:27+00:00\",\"dateModified\":\"2026-03-23T06:20:57+00:00\",\"mainEntityOfPage\":{\"@id\":\"https:\/\/andaluciaformacion.net\/?p=643\"},\"wordCount\":1221,\"commentCount\":0,\"publisher\":{\"@id\":\"https:\/\/andaluciaformacion.net\/#organization\"},\"image\":{\"@id\":\"https:\/\/andaluciaformacion.net\/?p=643#primaryimage\"},\"thumbnailUrl\":\"https:\/\/andaluciaformacion.net\/wp-content\/uploads\/2026\/03\/Diseno-sin-titulo-3-1.png\",\"keywords\":[\"Andaluc\u00eda\",\"Andaluc\u00eda Formaci\u00f3n\",\"empleo\",\"formaci\u00f3n\",\"formaci\u00f3n gratuita\",\"formaci\u00f3n gratuita para j\u00f3venes\",\"garant\u00eda juvenil andaluc\u00eda\",\"inserci\u00f3n laboral\",\"mayores de 45\",\"trabajo\"],\"articleSection\":[\"Empleo Joven en Andaluc\u00eda\"],\"inLanguage\":\"es\",\"potentialAction\":[{\"@type\":\"CommentAction\",\"name\":\"Comment\",\"target\":[\"https:\/\/andaluciaformacion.net\/?p=643#respond\"]}]},{\"@type\":\"WebPage\",\"@id\":\"https:\/\/andaluciaformacion.net\/?p=643\",\"url\":\"https:\/\/andaluciaformacion.net\/?p=643\",\"name\":\"Qu\u00e9 hacer si env\u00edas curr\u00edculums y no te llaman - Andaluc\u00eda Formaci\u00f3n\",\"isPartOf\":{\"@id\":\"https:\/\/andaluciaformacion.net\/#website\"},\"primaryImageOfPage\":{\"@id\":\"https:\/\/andaluciaformacion.net\/?p=643#primaryimage\"},\"image\":{\"@id\":\"https:\/\/andaluciaformacion.net\/?p=643#primaryimage\"},\"thumbnailUrl\":\"https:\/\/andaluciaformacion.net\/wp-content\/uploads\/2026\/03\/Diseno-sin-titulo-3-1.png\",\"datePublished\":\"2026-03-18T12:49:27+00:00\",\"dateModified\":\"2026-03-23T06:20:57+00:00\",\"breadcrumb\":{\"@id\":\"https:\/\/andaluciaformacion.net\/?p=643#breadcrumb\"},\"inLanguage\":\"es\",\"potentialAction\":[{\"@type\":\"ReadAction\",\"target\":[\"https:\/\/andaluciaformacion.net\/?p=643\"]}]},{\"@type\":\"ImageObject\",\"inLanguage\":\"es\",\"@id\":\"https:\/\/andaluciaformacion.net\/?p=643#primaryimage\",\"url\":\"https:\/\/andaluciaformacion.net\/wp-content\/uploads\/2026\/03\/Diseno-sin-titulo-3-1.png\",\"contentUrl\":\"https:\/\/andaluciaformacion.net\/wp-content\/uploads\/2026\/03\/Diseno-sin-titulo-3-1.png\",\"width\":939,\"height\":623},{\"@type\":\"BreadcrumbList\",\"@id\":\"https:\/\/andaluciaformacion.net\/?p=643#breadcrumb\",\"itemListElement\":[{\"@type\":\"ListItem\",\"position\":1,\"name\":\"Portada\",\"item\":\"https:\/\/andaluciaformacion.net\/\"},{\"@type\":\"ListItem\",\"position\":2,\"name\":\"Qu\u00e9 hacer si env\u00edas curr\u00edculums y no te llaman\"}]},{\"@type\":\"WebSite\",\"@id\":\"https:\/\/andaluciaformacion.net\/#website\",\"url\":\"https:\/\/andaluciaformacion.net\/\",\"name\":\"Andaluc\u00eda Formaci\u00f3n\",\"description\":\"\",\"publisher\":{\"@id\":\"https:\/\/andaluciaformacion.net\/#organization\"},\"potentialAction\":[{\"@type\":\"SearchAction\",\"target\":{\"@type\":\"EntryPoint\",\"urlTemplate\":\"https:\/\/andaluciaformacion.net\/?s={search_term_string}\"},\"query-input\":{\"@type\":\"PropertyValueSpecification\",\"valueRequired\":true,\"valueName\":\"search_term_string\"}}],\"inLanguage\":\"es\"},{\"@type\":\"Organization\",\"@id\":\"https:\/\/andaluciaformacion.net\/#organization\",\"name\":\"Andaluc\u00eda Formaci\u00f3n\",\"url\":\"https:\/\/andaluciaformacion.net\/\",\"logo\":{\"@type\":\"ImageObject\",\"inLanguage\":\"es\",\"@id\":\"https:\/\/andaluciaformacion.net\/#\/schema\/logo\/image\/\",\"url\":\"https:\/\/andaluciaformacion.net\/wp-content\/uploads\/2025\/09\/29.png\",\"contentUrl\":\"https:\/\/andaluciaformacion.net\/wp-content\/uploads\/2025\/09\/29.png\",\"width\":880,\"height\":880,\"caption\":\"Andaluc\u00eda Formaci\u00f3n\"},\"image\":{\"@id\":\"https:\/\/andaluciaformacion.net\/#\/schema\/logo\/image\/\"},\"sameAs\":[\"https:\/\/www.facebook.com\/people\/Andaluca-Formacin\/61556074687452\/\",\"https:\/\/www.instagram.com\/andaluciaformacion\"]},{\"@type\":\"Person\",\"@id\":\"https:\/\/andaluciaformacion.net\/#\/schema\/person\/9543ca4aeee6e7b481a522dfa3cd46db\",\"name\":\"Marketing\",\"image\":{\"@type\":\"ImageObject\",\"inLanguage\":\"es\",\"@id\":\"https:\/\/secure.gravatar.com\/avatar\/a714e5b7126052c5bb7c03f73b7fd552bd9b53bf075609213f23336e06c7c165?s=96&d=mm&r=g\",\"url\":\"https:\/\/secure.gravatar.com\/avatar\/a714e5b7126052c5bb7c03f73b7fd552bd9b53bf075609213f23336e06c7c165?s=96&d=mm&r=g\",\"contentUrl\":\"https:\/\/secure.gravatar.com\/avatar\/a714e5b7126052c5bb7c03f73b7fd552bd9b53bf075609213f23336e06c7c165?s=96&d=mm&r=g\",\"caption\":\"Marketing\"},\"url\":\"https:\/\/andaluciaformacion.net\/?author=4\"}]}<\/script>\n<!-- \/ Yoast SEO plugin. -->","yoast_head_json":{"title":"Qu\u00e9 hacer si env\u00edas curr\u00edculums y no te llaman - Andaluc\u00eda Formaci\u00f3n","robots":{"index":"index","follow":"follow","max-snippet":"max-snippet:-1","max-image-preview":"max-image-preview:large","max-video-preview":"max-video-preview:-1"},"canonical":"https:\/\/andaluciaformacion.net\/?p=643","og_locale":"es_ES","og_type":"article","og_title":"Qu\u00e9 hacer si env\u00edas curr\u00edculums y no te llaman - Andaluc\u00eda Formaci\u00f3n","og_description":"Empleabilidad \u00b7 Orientaci\u00f3n laboral \u00b7 B\u00fasqueda de empleo Qu\u00e9 hacer si env\u00edas curr\u00edculums y no te llaman Descubre por qu\u00e9 no est\u00e1s obteniendo respuesta, qu\u00e9 errores suelen frenar tu candidatura y c\u00f3mo mejorar tu curr\u00edculum, tu estrategia de b\u00fasqueda y tu presentaci\u00f3n para aumentar tus oportunidades laborales. Enviar muchos curr\u00edculums y no recibir llamadas puede [&hellip;]","og_url":"https:\/\/andaluciaformacion.net\/?p=643","og_site_name":"Andaluc\u00eda Formaci\u00f3n","article_publisher":"https:\/\/www.facebook.com\/people\/Andaluca-Formacin\/61556074687452\/","article_published_time":"2026-03-18T12:49:27+00:00","article_modified_time":"2026-03-23T06:20:57+00:00","og_image":[{"width":939,"height":623,"url":"https:\/\/andaluciaformacion.net\/wp-content\/uploads\/2026\/03\/Diseno-sin-titulo-3-1.png","type":"image\/png"}],"author":"Marketing","twitter_card":"summary_large_image","twitter_misc":{"Escrito por":"Marketing","Tiempo de lectura":"6 minutos"},"schema":{"@context":"https:\/\/schema.org","@graph":[{"@type":"Article","@id":"https:\/\/andaluciaformacion.net\/?p=643#article","isPartOf":{"@id":"https:\/\/andaluciaformacion.net\/?p=643"},"author":{"name":"Marketing","@id":"https:\/\/andaluciaformacion.net\/#\/schema\/person\/9543ca4aeee6e7b481a522dfa3cd46db"},"headline":"Qu\u00e9 hacer si env\u00edas curr\u00edculums y no te llaman","datePublished":"2026-03-18T12:49:27+00:00","dateModified":"2026-03-23T06:20:57+00:00","mainEntityOfPage":{"@id":"https:\/\/andaluciaformacion.net\/?p=643"},"wordCount":1221,"commentCount":0,"publisher":{"@id":"https:\/\/andaluciaformacion.net\/#organization"},"image":{"@id":"https:\/\/andaluciaformacion.net\/?p=643#primaryimage"},"thumbnailUrl":"https:\/\/andaluciaformacion.net\/wp-content\/uploads\/2026\/03\/Diseno-sin-titulo-3-1.png","keywords":["Andaluc\u00eda","Andaluc\u00eda Formaci\u00f3n","empleo","formaci\u00f3n","formaci\u00f3n gratuita","formaci\u00f3n gratuita para j\u00f3venes","garant\u00eda juvenil andaluc\u00eda","inserci\u00f3n laboral","mayores de 45","trabajo"],"articleSection":["Empleo Joven en Andaluc\u00eda"],"inLanguage":"es","potentialAction":[{"@type":"CommentAction","name":"Comment","target":["https:\/\/andaluciaformacion.net\/?p=643#respond"]}]},{"@type":"WebPage","@id":"https:\/\/andaluciaformacion.net\/?p=643","url":"https:\/\/andaluciaformacion.net\/?p=643","name":"Qu\u00e9 hacer si env\u00edas curr\u00edculums y no te llaman - Andaluc\u00eda Formaci\u00f3n","isPartOf":{"@id":"https:\/\/andaluciaformacion.net\/#website"},"primaryImageOfPage":{"@id":"https:\/\/andaluciaformacion.net\/?p=643#primaryimage"},"image":{"@id":"https:\/\/andaluciaformacion.net\/?p=643#primaryimage"},"thumbnailUrl":"https:\/\/andaluciaformacion.net\/wp-content\/uploads\/2026\/03\/Diseno-sin-titulo-3-1.png","datePublished":"2026-03-18T12:49:27+00:00","dateModified":"2026-03-23T06:20:57+00:00","breadcrumb":{"@id":"https:\/\/andaluciaformacion.net\/?p=643#breadcrumb"},"inLanguage":"es","potentialAction":[{"@type":"ReadAction","target":["https:\/\/andaluciaformacion.net\/?p=643"]}]},{"@type":"ImageObject","inLanguage":"es","@id":"https:\/\/andaluciaformacion.net\/?p=643#primaryimage","url":"https:\/\/andaluciaformacion.net\/wp-content\/uploads\/2026\/03\/Diseno-sin-titulo-3-1.png","contentUrl":"https:\/\/andaluciaformacion.net\/wp-content\/uploads\/2026\/03\/Diseno-sin-titulo-3-1.png","width":939,"height":623},{"@type":"BreadcrumbList","@id":"https:\/\/andaluciaformacion.net\/?p=643#breadcrumb","itemListElement":[{"@type":"ListItem","position":1,"name":"Portada","item":"https:\/\/andaluciaformacion.net\/"},{"@type":"ListItem","position":2,"name":"Qu\u00e9 hacer si env\u00edas curr\u00edculums y no te llaman"}]},{"@type":"WebSite","@id":"https:\/\/andaluciaformacion.net\/#website","url":"https:\/\/andaluciaformacion.net\/","name":"Andaluc\u00eda Formaci\u00f3n","description":"","publisher":{"@id":"https:\/\/andaluciaformacion.net\/#organization"},"potentialAction":[{"@type":"SearchAction","target":{"@type":"EntryPoint","urlTemplate":"https:\/\/andaluciaformacion.net\/?s={search_term_string}"},"query-input":{"@type":"PropertyValueSpecification","valueRequired":true,"valueName":"search_term_string"}}],"inLanguage":"es"},{"@type":"Organization","@id":"https:\/\/andaluciaformacion.net\/#organization","name":"Andaluc\u00eda Formaci\u00f3n","url":"https:\/\/andaluciaformacion.net\/","logo":{"@type":"ImageObject","inLanguage":"es","@id":"https:\/\/andaluciaformacion.net\/#\/schema\/logo\/image\/","url":"https:\/\/andaluciaformacion.net\/wp-content\/uploads\/2025\/09\/29.png","contentUrl":"https:\/\/andaluciaformacion.net\/wp-content\/uploads\/2025\/09\/29.png","width":880,"height":880,"caption":"Andaluc\u00eda Formaci\u00f3n"},"image":{"@id":"https:\/\/andaluciaformacion.net\/#\/schema\/logo\/image\/"},"sameAs":["https:\/\/www.facebook.com\/people\/Andaluca-Formacin\/61556074687452\/","https:\/\/www.instagram.com\/andaluciaformacion"]},{"@type":"Person","@id":"https:\/\/andaluciaformacion.net\/#\/schema\/person\/9543ca4aeee6e7b481a522dfa3cd46db","name":"Marketing","image":{"@type":"ImageObject","inLanguage":"es","@id":"https:\/\/secure.gravatar.com\/avatar\/a714e5b7126052c5bb7c03f73b7fd552bd9b53bf075609213f23336e06c7c165?s=96&d=mm&r=g","url":"https:\/\/secure.gravatar.com\/avatar\/a714e5b7126052c5bb7c03f73b7fd552bd9b53bf075609213f23336e06c7c165?s=96&d=mm&r=g","contentUrl":"https:\/\/secure.gravatar.com\/avatar\/a714e5b7126052c5bb7c03f73b7fd552bd9b53bf075609213f23336e06c7c165?s=96&d=mm&r=g","caption":"Marketing"},"url":"https:\/\/andaluciaformacion.net\/?author=4"}]}},"_links":{"self":[{"href":"https:\/\/andaluciaformacion.net\/index.php?rest_route=\/wp\/v2\/posts\/643","targetHints":{"allow":["GET"]}}],"collection":[{"href":"https:\/\/andaluciaformacion.net\/index.php?rest_route=\/wp\/v2\/posts"}],"about":[{"href":"https:\/\/andaluciaformacion.net\/index.php?rest_route=\/wp\/v2\/types\/post"}],"author":[{"embeddable":true,"href":"https:\/\/andaluciaformacion.net\/index.php?rest_route=\/wp\/v2\/users\/4"}],"replies":[{"embeddable":true,"href":"https:\/\/andaluciaformacion.net\/index.php?rest_route=%2Fwp%2Fv2%2Fcomments&post=643"}],"version-history":[{"count":2,"href":"https:\/\/andaluciaformacion.net\/index.php?rest_route=\/wp\/v2\/posts\/643\/revisions"}],"predecessor-version":[{"id":649,"href":"https:\/\/andaluciaformacion.net\/index.php?rest_route=\/wp\/v2\/posts\/643\/revisions\/649"}],"wp:featuredmedia":[{"embeddable":true,"href":"https:\/\/andaluciaformacion.net\/index.php?rest_route=\/wp\/v2\/media\/652"}],"wp:attachment":[{"href":"https:\/\/andaluciaformacion.net\/index.php?rest_route=%2Fwp%2Fv2%2Fmedia&parent=643"}],"wp:term":[{"taxonomy":"category","embeddable":true,"href":"https:\/\/andaluciaformacion.net\/index.php?rest_route=%2Fwp%2Fv2%2Fcategories&post=643"},{"taxonomy":"post_tag","embeddable":true,"href":"https:\/\/andaluciaformacion.net\/index.php?rest_route=%2Fwp%2Fv2%2Ftags&post=643"}],"curies":[{"name":"wp","href":"https:\/\/api.w.org\/{rel}","templated":true}]}}