{"id":234,"date":"2025-10-09T12:59:23","date_gmt":"2025-10-09T10:59:23","guid":{"rendered":"https:\/\/andaluciaformacion.net\/?p=234"},"modified":"2025-10-17T14:26:04","modified_gmt":"2025-10-17T12:26:04","slug":"empleo-joven-en-andalucia-2025","status":"publish","type":"post","link":"https:\/\/andaluciaformacion.net\/?p=234","title":{"rendered":"Empleo joven en Andaluc\u00eda: el 35% de los j\u00f3venes ya trabaja y la inserci\u00f3n sigue creciendo"},"content":{"rendered":"\n<p><\/p>\n\n\n\n<p>Buenas noticias para la juventud andaluza: seg\u00fan el \u00faltimo informe de la Junta de Andaluc\u00eda sobre el mercado laboral juvenil (2025), 35 de cada 100 j\u00f3venes andaluces trabajan, lo que refleja una tendencia positiva en la inserci\u00f3n laboral de los menores de 30 a\u00f1os.<\/p>\n\n\n\n<p>Desde Andaluc\u00eda Formaci\u00f3n, celebramos este avance y recordamos que la orientaci\u00f3n, la formaci\u00f3n gratuita y el acompa\u00f1amiento personalizado son herramientas esenciales para que estos buenos resultados sigan creciendo.<\/p>\n\n\n\n<details class=\"wp-block-details is-layout-flow wp-block-details-is-layout-flow\"><summary><\/summary><\/details>\n\n\n\n<h2 class=\"wp-block-heading\"><strong>\ud83d\udcc8 Los datos del Empleo joven en Andaluc\u00eda en 2024<\/strong><\/h2>\n\n\n\n<p>El informe detalla que 470.500 j\u00f3venes entre 16 y 29 a\u00f1os est\u00e1n ocupados en la comunidad, lo que equivale al 13,59% del total de personas trabajadoras.<\/p>\n\n\n\n<p>Durante 2024 se firmaron m\u00e1s de 1,1 millones de contratos a j\u00f3venes, lo que representa el 34,52% de los contratos totales en Andaluc\u00eda.<\/p>\n\n\n\n<p>Adem\u00e1s, la afiliaci\u00f3n juvenil a la Seguridad Social alcanz\u00f3 los 493.574 j\u00f3venes, con un crecimiento interanual del 4,35% (m\u00e1s de 20.500 afiliaciones nuevas).<\/p>\n\n\n\n<p>La poblaci\u00f3n parada joven tambi\u00e9n se redujo significativamente, situ\u00e1ndose en 189.800 j\u00f3venes desempleados, un 8,5% menos que el a\u00f1o anterior.<\/p>\n\n\n\n<p>\u2e3b<\/p>\n\n\n\n<p><\/p>\n\n\n\n<h2 class=\"wp-block-heading\"><strong>\ud83e\udde9 Datos destacados por provincias<\/strong><\/h2>\n\n\n\n<p>Andaluc\u00eda Formaci\u00f3n, que desarrolla programas gratuitos de inserci\u00f3n laboral juvenil en toda la comunidad, resalta los resultados m\u00e1s positivos del informe en las siguientes provincias:<\/p>\n\n\n\n<p><strong>\ud83d\udccd C\u00e1diz<\/strong><\/p>\n\n\n\n<p>En C\u00e1diz, 57.100 j\u00f3venes encontraron empleo en 2024. El paro juvenil cay\u00f3 un 21,81%, una de las reducciones m\u00e1s altas de toda Andaluc\u00eda.<\/p>\n\n\n\n<p><strong>\ud83d\udccd Granada<\/strong><\/p>\n\n\n\n<p>Granada mostr\u00f3 un crecimiento s\u00f3lido del autoempleo juvenil, con 5.193 j\u00f3venes aut\u00f3nomos, un 5,14% m\u00e1s que en 2023. En total, se registraron 114.524 contratos a j\u00f3venes, un incremento del 1,2%.<\/p>\n\n\n\n<p><strong>\ud83d\udccd Ja\u00e9n<\/strong><\/p>\n\n\n\n<p>En Ja\u00e9n, la afiliaci\u00f3n juvenil creci\u00f3 un 5,35%, con 31.412 j\u00f3venes cotizando en la Seguridad Social. Adem\u00e1s, el paro juvenil descendi\u00f3 un 17,15%, superando la media andaluza.<\/p>\n\n\n\n<p><strong>\ud83d\udccd M\u00e1laga<\/strong><\/p>\n\n\n\n<p>M\u00e1laga contin\u00faa liderando el empleo joven en Andaluc\u00eda, con 106.000 j\u00f3venes ocupados y 213.731 contratos firmados a menores de 30 a\u00f1os (+2,37% interanual).<\/p>\n\n\n\n<p>\u2e3b<\/p>\n\n\n\n<h2 class=\"wp-block-heading\"><strong>\ud83d\udcac Formaci\u00f3n, orientaci\u00f3n e incentivos: el camino hacia el empleo<\/strong><\/h2>\n\n\n\n<p>El crecimiento del empleo joven es una buena noticia, pero a\u00fan queda mucho por hacer. En Andaluc\u00eda Formaci\u00f3n apostamos por la formaci\u00f3n gratuita, la orientaci\u00f3n profesional y el acompa\u00f1amiento individualizado como herramientas reales para facilitar la inserci\u00f3n laboral juvenil.<\/p>\n\n\n\n<p><\/p>\n\n\n\n<h3 class=\"wp-block-heading\"><strong>Nuestros programas de inserci\u00f3n laboral para j\u00f3venes combinan:<\/strong><\/h3>\n\n\n\n<p>\u2022 Formaci\u00f3n en sectores con alta empleabilidad (marketing, redes sociales, limpieza, mantenimiento, hosteler\u00eda, inform\u00e1tica\u2026).<br>\u2022 Acompa\u00f1amiento personalizado y orientaci\u00f3n profesional.<br>\u2022 Ofertas de empleo reales gestionadas a trav\u00e9s de empresas colaboradoras.<br>\u2022 Y un incentivo econ\u00f3mico de 528 \u20ac para j\u00f3venes participantes.<\/p>\n\n\n\n<p>Gracias a este modelo, cientos de j\u00f3venes andaluces encuentran su primera oportunidad laboral cada a\u00f1o.<\/p>\n\n\n\n<p>\u2e3b<\/p>\n\n\n\n<p><\/p>\n\n\n\n<h2 class=\"wp-block-heading\"><strong>\ud83c\udf1f Andaluc\u00eda Formaci\u00f3n: acompasando talento y futuro<\/strong><\/h2>\n\n\n\n<p>En Andaluc\u00eda Formaci\u00f3n creemos en el talento joven andaluz. Apostamos por un modelo formativo inclusivo, gratuito y pr\u00e1ctico, que acerque la formaci\u00f3n al empleo real.<\/p>\n\n\n\n<p>\ud83d\udc49 Si tienes entre 18 y 29 a\u00f1os, est\u00e1s desempleado\/a y quieres acceder a un programa gratuito de formaci\u00f3n e inserci\u00f3n laboral juvenil, cont\u00e1ctanos:<\/p>\n\n\n\n<p>\ud83d\udcde 691 619 409<br>\ud83d\udce9 info@andaluciaformacion.net<\/p>\n\n\n\n<p>\ud83d\udcac Tambi\u00e9n puedes seguirnos en redes sociales para conocer las \u00faltimas convocatorias, cursos y ofertas de empleo juvenil.<\/p>\n\n\n\n<p><strong>Andaluc\u00eda Formaci\u00f3n impulsa tu Talento, mejora tu Futuro.<\/strong><\/p>\n\n\n\n<p><\/p>\n","protected":false},"excerpt":{"rendered":"<p>Buenas noticias para la juventud andaluza: seg\u00fan el \u00faltimo informe de la Junta de Andaluc\u00eda sobre el mercado laboral juvenil (2025), 35 de cada 100 j\u00f3venes andaluces trabajan, lo que refleja una tendencia positiva en la inserci\u00f3n laboral de los menores de 30 a\u00f1os. Desde Andaluc\u00eda Formaci\u00f3n, celebramos este avance y recordamos que la orientaci\u00f3n, [&hellip;]<\/p>\n","protected":false},"author":4,"featured_media":244,"comment_status":"open","ping_status":"open","sticky":false,"template":"","format":"standard","meta":{"saved_in_kubio":false,"footnotes":""},"categories":[7],"tags":[14,13,8,16,11,9,12,17,10,15],"class_list":["post-234","post","type-post","status-publish","format-standard","has-post-thumbnail","hentry","category-empleo-joven-en-andalucia","tag-andalucia-formacion","tag-busqueda-de-empleo","tag-empleo-joven","tag-empleo-juvenil","tag-formacion-gratuita","tag-insercion-laboral","tag-jovenes-desempleados","tag-oportunidades-laborales","tag-orientacion-profesional","tag-programas-para-jovenes"],"yoast_head":"<!-- This site is optimized with the Yoast SEO plugin v27.2 - https:\/\/yoast.com\/product\/yoast-seo-wordpress\/ -->\n<title>Empleo joven en Andaluc\u00eda: el 35% de los j\u00f3venes ya trabaja y la inserci\u00f3n sigue creciendo - Andaluc\u00eda Formaci\u00f3n<\/title>\n<meta name=\"robots\" content=\"index, follow, max-snippet:-1, max-image-preview:large, max-video-preview:-1\" \/>\n<link rel=\"canonical\" href=\"https:\/\/andaluciaformacion.net\/?p=234\" \/>\n<meta property=\"og:locale\" content=\"es_ES\" \/>\n<meta property=\"og:type\" content=\"article\" \/>\n<meta property=\"og:title\" content=\"Empleo joven en Andaluc\u00eda: el 35% de los j\u00f3venes ya trabaja y la inserci\u00f3n sigue creciendo - Andaluc\u00eda Formaci\u00f3n\" \/>\n<meta property=\"og:description\" content=\"Buenas noticias para la juventud andaluza: seg\u00fan el \u00faltimo informe de la Junta de Andaluc\u00eda sobre el mercado laboral juvenil (2025), 35 de cada 100 j\u00f3venes andaluces trabajan, lo que refleja una tendencia positiva en la inserci\u00f3n laboral de los menores de 30 a\u00f1os. Desde Andaluc\u00eda Formaci\u00f3n, celebramos este avance y recordamos que la orientaci\u00f3n, [&hellip;]\" \/>\n<meta property=\"og:url\" content=\"https:\/\/andaluciaformacion.net\/?p=234\" \/>\n<meta property=\"og:site_name\" content=\"Andaluc\u00eda Formaci\u00f3n\" \/>\n<meta property=\"article:publisher\" content=\"https:\/\/www.facebook.com\/people\/Andaluca-Formacin\/61556074687452\/\" \/>\n<meta property=\"article:published_time\" content=\"2025-10-09T10:59:23+00:00\" \/>\n<meta property=\"article:modified_time\" content=\"2025-10-17T12:26:04+00:00\" \/>\n<meta property=\"og:image\" content=\"https:\/\/andaluciaformacion.net\/wp-content\/uploads\/2025\/10\/Grupo-jovenes-AF-Empleo-joven.jpg\" \/>\n\t<meta property=\"og:image:width\" content=\"940\" \/>\n\t<meta property=\"og:image:height\" content=\"788\" \/>\n\t<meta property=\"og:image:type\" content=\"image\/jpeg\" \/>\n<meta name=\"author\" content=\"Marketing\" \/>\n<meta name=\"twitter:card\" content=\"summary_large_image\" \/>\n<meta name=\"twitter:label1\" content=\"Escrito por\" \/>\n\t<meta name=\"twitter:data1\" content=\"Marketing\" \/>\n\t<meta name=\"twitter:label2\" content=\"Tiempo de lectura\" \/>\n\t<meta name=\"twitter:data2\" content=\"3 minutos\" \/>\n<script type=\"application\/ld+json\" class=\"yoast-schema-graph\">{\"@context\":\"https:\/\/schema.org\",\"@graph\":[{\"@type\":\"Article\",\"@id\":\"https:\/\/andaluciaformacion.net\/?p=234#article\",\"isPartOf\":{\"@id\":\"https:\/\/andaluciaformacion.net\/?p=234\"},\"author\":{\"name\":\"Marketing\",\"@id\":\"https:\/\/andaluciaformacion.net\/#\/schema\/person\/9543ca4aeee6e7b481a522dfa3cd46db\"},\"headline\":\"Empleo joven en Andaluc\u00eda: el 35% de los j\u00f3venes ya trabaja y la inserci\u00f3n sigue creciendo\",\"datePublished\":\"2025-10-09T10:59:23+00:00\",\"dateModified\":\"2025-10-17T12:26:04+00:00\",\"mainEntityOfPage\":{\"@id\":\"https:\/\/andaluciaformacion.net\/?p=234\"},\"wordCount\":569,\"commentCount\":0,\"publisher\":{\"@id\":\"https:\/\/andaluciaformacion.net\/#organization\"},\"image\":{\"@id\":\"https:\/\/andaluciaformacion.net\/?p=234#primaryimage\"},\"thumbnailUrl\":\"https:\/\/andaluciaformacion.net\/wp-content\/uploads\/2025\/10\/Grupo-jovenes-AF-Empleo-joven.jpg\",\"keywords\":[\"Andaluc\u00eda Formaci\u00f3n\",\"b\u00fasqueda de empleo\",\"empleo joven\",\"empleo juvenil\",\"formaci\u00f3n gratuita\",\"inserci\u00f3n laboral\",\"j\u00f3venes desempleados\",\"oportunidades laborales.\",\"orientaci\u00f3n profesional\",\"programas para j\u00f3venes\"],\"articleSection\":[\"Empleo Joven en Andaluc\u00eda\"],\"inLanguage\":\"es\",\"potentialAction\":[{\"@type\":\"CommentAction\",\"name\":\"Comment\",\"target\":[\"https:\/\/andaluciaformacion.net\/?p=234#respond\"]}]},{\"@type\":\"WebPage\",\"@id\":\"https:\/\/andaluciaformacion.net\/?p=234\",\"url\":\"https:\/\/andaluciaformacion.net\/?p=234\",\"name\":\"Empleo joven en Andaluc\u00eda: el 35% de los j\u00f3venes ya trabaja y la inserci\u00f3n sigue creciendo - Andaluc\u00eda Formaci\u00f3n\",\"isPartOf\":{\"@id\":\"https:\/\/andaluciaformacion.net\/#website\"},\"primaryImageOfPage\":{\"@id\":\"https:\/\/andaluciaformacion.net\/?p=234#primaryimage\"},\"image\":{\"@id\":\"https:\/\/andaluciaformacion.net\/?p=234#primaryimage\"},\"thumbnailUrl\":\"https:\/\/andaluciaformacion.net\/wp-content\/uploads\/2025\/10\/Grupo-jovenes-AF-Empleo-joven.jpg\",\"datePublished\":\"2025-10-09T10:59:23+00:00\",\"dateModified\":\"2025-10-17T12:26:04+00:00\",\"breadcrumb\":{\"@id\":\"https:\/\/andaluciaformacion.net\/?p=234#breadcrumb\"},\"inLanguage\":\"es\",\"potentialAction\":[{\"@type\":\"ReadAction\",\"target\":[\"https:\/\/andaluciaformacion.net\/?p=234\"]}]},{\"@type\":\"ImageObject\",\"inLanguage\":\"es\",\"@id\":\"https:\/\/andaluciaformacion.net\/?p=234#primaryimage\",\"url\":\"https:\/\/andaluciaformacion.net\/wp-content\/uploads\/2025\/10\/Grupo-jovenes-AF-Empleo-joven.jpg\",\"contentUrl\":\"https:\/\/andaluciaformacion.net\/wp-content\/uploads\/2025\/10\/Grupo-jovenes-AF-Empleo-joven.jpg\",\"width\":940,\"height\":788},{\"@type\":\"BreadcrumbList\",\"@id\":\"https:\/\/andaluciaformacion.net\/?p=234#breadcrumb\",\"itemListElement\":[{\"@type\":\"ListItem\",\"position\":1,\"name\":\"Portada\",\"item\":\"https:\/\/andaluciaformacion.net\/\"},{\"@type\":\"ListItem\",\"position\":2,\"name\":\"Empleo joven en Andaluc\u00eda: el 35% de los j\u00f3venes ya trabaja y la inserci\u00f3n sigue creciendo\"}]},{\"@type\":\"WebSite\",\"@id\":\"https:\/\/andaluciaformacion.net\/#website\",\"url\":\"https:\/\/andaluciaformacion.net\/\",\"name\":\"Andaluc\u00eda Formaci\u00f3n\",\"description\":\"\",\"publisher\":{\"@id\":\"https:\/\/andaluciaformacion.net\/#organization\"},\"potentialAction\":[{\"@type\":\"SearchAction\",\"target\":{\"@type\":\"EntryPoint\",\"urlTemplate\":\"https:\/\/andaluciaformacion.net\/?s={search_term_string}\"},\"query-input\":{\"@type\":\"PropertyValueSpecification\",\"valueRequired\":true,\"valueName\":\"search_term_string\"}}],\"inLanguage\":\"es\"},{\"@type\":\"Organization\",\"@id\":\"https:\/\/andaluciaformacion.net\/#organization\",\"name\":\"Andaluc\u00eda Formaci\u00f3n\",\"url\":\"https:\/\/andaluciaformacion.net\/\",\"logo\":{\"@type\":\"ImageObject\",\"inLanguage\":\"es\",\"@id\":\"https:\/\/andaluciaformacion.net\/#\/schema\/logo\/image\/\",\"url\":\"https:\/\/andaluciaformacion.net\/wp-content\/uploads\/2025\/09\/29.png\",\"contentUrl\":\"https:\/\/andaluciaformacion.net\/wp-content\/uploads\/2025\/09\/29.png\",\"width\":880,\"height\":880,\"caption\":\"Andaluc\u00eda Formaci\u00f3n\"},\"image\":{\"@id\":\"https:\/\/andaluciaformacion.net\/#\/schema\/logo\/image\/\"},\"sameAs\":[\"https:\/\/www.facebook.com\/people\/Andaluca-Formacin\/61556074687452\/\",\"https:\/\/www.instagram.com\/andaluciaformacion\"]},{\"@type\":\"Person\",\"@id\":\"https:\/\/andaluciaformacion.net\/#\/schema\/person\/9543ca4aeee6e7b481a522dfa3cd46db\",\"name\":\"Marketing\",\"image\":{\"@type\":\"ImageObject\",\"inLanguage\":\"es\",\"@id\":\"https:\/\/secure.gravatar.com\/avatar\/a714e5b7126052c5bb7c03f73b7fd552bd9b53bf075609213f23336e06c7c165?s=96&d=mm&r=g\",\"url\":\"https:\/\/secure.gravatar.com\/avatar\/a714e5b7126052c5bb7c03f73b7fd552bd9b53bf075609213f23336e06c7c165?s=96&d=mm&r=g\",\"contentUrl\":\"https:\/\/secure.gravatar.com\/avatar\/a714e5b7126052c5bb7c03f73b7fd552bd9b53bf075609213f23336e06c7c165?s=96&d=mm&r=g\",\"caption\":\"Marketing\"},\"url\":\"https:\/\/andaluciaformacion.net\/?author=4\"}]}<\/script>\n<!-- \/ Yoast SEO plugin. -->","yoast_head_json":{"title":"Empleo joven en Andaluc\u00eda: el 35% de los j\u00f3venes ya trabaja y la inserci\u00f3n sigue creciendo - Andaluc\u00eda Formaci\u00f3n","robots":{"index":"index","follow":"follow","max-snippet":"max-snippet:-1","max-image-preview":"max-image-preview:large","max-video-preview":"max-video-preview:-1"},"canonical":"https:\/\/andaluciaformacion.net\/?p=234","og_locale":"es_ES","og_type":"article","og_title":"Empleo joven en Andaluc\u00eda: el 35% de los j\u00f3venes ya trabaja y la inserci\u00f3n sigue creciendo - Andaluc\u00eda Formaci\u00f3n","og_description":"Buenas noticias para la juventud andaluza: seg\u00fan el \u00faltimo informe de la Junta de Andaluc\u00eda sobre el mercado laboral juvenil (2025), 35 de cada 100 j\u00f3venes andaluces trabajan, lo que refleja una tendencia positiva en la inserci\u00f3n laboral de los menores de 30 a\u00f1os. Desde Andaluc\u00eda Formaci\u00f3n, celebramos este avance y recordamos que la orientaci\u00f3n, [&hellip;]","og_url":"https:\/\/andaluciaformacion.net\/?p=234","og_site_name":"Andaluc\u00eda Formaci\u00f3n","article_publisher":"https:\/\/www.facebook.com\/people\/Andaluca-Formacin\/61556074687452\/","article_published_time":"2025-10-09T10:59:23+00:00","article_modified_time":"2025-10-17T12:26:04+00:00","og_image":[{"width":940,"height":788,"url":"https:\/\/andaluciaformacion.net\/wp-content\/uploads\/2025\/10\/Grupo-jovenes-AF-Empleo-joven.jpg","type":"image\/jpeg"}],"author":"Marketing","twitter_card":"summary_large_image","twitter_misc":{"Escrito por":"Marketing","Tiempo de lectura":"3 minutos"},"schema":{"@context":"https:\/\/schema.org","@graph":[{"@type":"Article","@id":"https:\/\/andaluciaformacion.net\/?p=234#article","isPartOf":{"@id":"https:\/\/andaluciaformacion.net\/?p=234"},"author":{"name":"Marketing","@id":"https:\/\/andaluciaformacion.net\/#\/schema\/person\/9543ca4aeee6e7b481a522dfa3cd46db"},"headline":"Empleo joven en Andaluc\u00eda: el 35% de los j\u00f3venes ya trabaja y la inserci\u00f3n sigue creciendo","datePublished":"2025-10-09T10:59:23+00:00","dateModified":"2025-10-17T12:26:04+00:00","mainEntityOfPage":{"@id":"https:\/\/andaluciaformacion.net\/?p=234"},"wordCount":569,"commentCount":0,"publisher":{"@id":"https:\/\/andaluciaformacion.net\/#organization"},"image":{"@id":"https:\/\/andaluciaformacion.net\/?p=234#primaryimage"},"thumbnailUrl":"https:\/\/andaluciaformacion.net\/wp-content\/uploads\/2025\/10\/Grupo-jovenes-AF-Empleo-joven.jpg","keywords":["Andaluc\u00eda Formaci\u00f3n","b\u00fasqueda de empleo","empleo joven","empleo juvenil","formaci\u00f3n gratuita","inserci\u00f3n laboral","j\u00f3venes desempleados","oportunidades laborales.","orientaci\u00f3n profesional","programas para j\u00f3venes"],"articleSection":["Empleo Joven en Andaluc\u00eda"],"inLanguage":"es","potentialAction":[{"@type":"CommentAction","name":"Comment","target":["https:\/\/andaluciaformacion.net\/?p=234#respond"]}]},{"@type":"WebPage","@id":"https:\/\/andaluciaformacion.net\/?p=234","url":"https:\/\/andaluciaformacion.net\/?p=234","name":"Empleo joven en Andaluc\u00eda: el 35% de los j\u00f3venes ya trabaja y la inserci\u00f3n sigue creciendo - Andaluc\u00eda Formaci\u00f3n","isPartOf":{"@id":"https:\/\/andaluciaformacion.net\/#website"},"primaryImageOfPage":{"@id":"https:\/\/andaluciaformacion.net\/?p=234#primaryimage"},"image":{"@id":"https:\/\/andaluciaformacion.net\/?p=234#primaryimage"},"thumbnailUrl":"https:\/\/andaluciaformacion.net\/wp-content\/uploads\/2025\/10\/Grupo-jovenes-AF-Empleo-joven.jpg","datePublished":"2025-10-09T10:59:23+00:00","dateModified":"2025-10-17T12:26:04+00:00","breadcrumb":{"@id":"https:\/\/andaluciaformacion.net\/?p=234#breadcrumb"},"inLanguage":"es","potentialAction":[{"@type":"ReadAction","target":["https:\/\/andaluciaformacion.net\/?p=234"]}]},{"@type":"ImageObject","inLanguage":"es","@id":"https:\/\/andaluciaformacion.net\/?p=234#primaryimage","url":"https:\/\/andaluciaformacion.net\/wp-content\/uploads\/2025\/10\/Grupo-jovenes-AF-Empleo-joven.jpg","contentUrl":"https:\/\/andaluciaformacion.net\/wp-content\/uploads\/2025\/10\/Grupo-jovenes-AF-Empleo-joven.jpg","width":940,"height":788},{"@type":"BreadcrumbList","@id":"https:\/\/andaluciaformacion.net\/?p=234#breadcrumb","itemListElement":[{"@type":"ListItem","position":1,"name":"Portada","item":"https:\/\/andaluciaformacion.net\/"},{"@type":"ListItem","position":2,"name":"Empleo joven en Andaluc\u00eda: el 35% de los j\u00f3venes ya trabaja y la inserci\u00f3n sigue creciendo"}]},{"@type":"WebSite","@id":"https:\/\/andaluciaformacion.net\/#website","url":"https:\/\/andaluciaformacion.net\/","name":"Andaluc\u00eda Formaci\u00f3n","description":"","publisher":{"@id":"https:\/\/andaluciaformacion.net\/#organization"},"potentialAction":[{"@type":"SearchAction","target":{"@type":"EntryPoint","urlTemplate":"https:\/\/andaluciaformacion.net\/?s={search_term_string}"},"query-input":{"@type":"PropertyValueSpecification","valueRequired":true,"valueName":"search_term_string"}}],"inLanguage":"es"},{"@type":"Organization","@id":"https:\/\/andaluciaformacion.net\/#organization","name":"Andaluc\u00eda Formaci\u00f3n","url":"https:\/\/andaluciaformacion.net\/","logo":{"@type":"ImageObject","inLanguage":"es","@id":"https:\/\/andaluciaformacion.net\/#\/schema\/logo\/image\/","url":"https:\/\/andaluciaformacion.net\/wp-content\/uploads\/2025\/09\/29.png","contentUrl":"https:\/\/andaluciaformacion.net\/wp-content\/uploads\/2025\/09\/29.png","width":880,"height":880,"caption":"Andaluc\u00eda Formaci\u00f3n"},"image":{"@id":"https:\/\/andaluciaformacion.net\/#\/schema\/logo\/image\/"},"sameAs":["https:\/\/www.facebook.com\/people\/Andaluca-Formacin\/61556074687452\/","https:\/\/www.instagram.com\/andaluciaformacion"]},{"@type":"Person","@id":"https:\/\/andaluciaformacion.net\/#\/schema\/person\/9543ca4aeee6e7b481a522dfa3cd46db","name":"Marketing","image":{"@type":"ImageObject","inLanguage":"es","@id":"https:\/\/secure.gravatar.com\/avatar\/a714e5b7126052c5bb7c03f73b7fd552bd9b53bf075609213f23336e06c7c165?s=96&d=mm&r=g","url":"https:\/\/secure.gravatar.com\/avatar\/a714e5b7126052c5bb7c03f73b7fd552bd9b53bf075609213f23336e06c7c165?s=96&d=mm&r=g","contentUrl":"https:\/\/secure.gravatar.com\/avatar\/a714e5b7126052c5bb7c03f73b7fd552bd9b53bf075609213f23336e06c7c165?s=96&d=mm&r=g","caption":"Marketing"},"url":"https:\/\/andaluciaformacion.net\/?author=4"}]}},"_links":{"self":[{"href":"https:\/\/andaluciaformacion.net\/index.php?rest_route=\/wp\/v2\/posts\/234","targetHints":{"allow":["GET"]}}],"collection":[{"href":"https:\/\/andaluciaformacion.net\/index.php?rest_route=\/wp\/v2\/posts"}],"about":[{"href":"https:\/\/andaluciaformacion.net\/index.php?rest_route=\/wp\/v2\/types\/post"}],"author":[{"embeddable":true,"href":"https:\/\/andaluciaformacion.net\/index.php?rest_route=\/wp\/v2\/users\/4"}],"replies":[{"embeddable":true,"href":"https:\/\/andaluciaformacion.net\/index.php?rest_route=%2Fwp%2Fv2%2Fcomments&post=234"}],"version-history":[{"count":3,"href":"https:\/\/andaluciaformacion.net\/index.php?rest_route=\/wp\/v2\/posts\/234\/revisions"}],"predecessor-version":[{"id":288,"href":"https:\/\/andaluciaformacion.net\/index.php?rest_route=\/wp\/v2\/posts\/234\/revisions\/288"}],"wp:featuredmedia":[{"embeddable":true,"href":"https:\/\/andaluciaformacion.net\/index.php?rest_route=\/wp\/v2\/media\/244"}],"wp:attachment":[{"href":"https:\/\/andaluciaformacion.net\/index.php?rest_route=%2Fwp%2Fv2%2Fmedia&parent=234"}],"wp:term":[{"taxonomy":"category","embeddable":true,"href":"https:\/\/andaluciaformacion.net\/index.php?rest_route=%2Fwp%2Fv2%2Fcategories&post=234"},{"taxonomy":"post_tag","embeddable":true,"href":"https:\/\/andaluciaformacion.net\/index.php?rest_route=%2Fwp%2Fv2%2Ftags&post=234"}],"curies":[{"name":"wp","href":"https:\/\/api.w.org\/{rel}","templated":true}]}}